{"id":48871,"date":"2026-09-05T13:42:53","date_gmt":"2026-09-05T16:42:53","guid":{"rendered":"https:\/\/mensagemdivina.com.br\/mensagemdivina\/eleicoes-2026-flavio-bolsonaro-responde-a-pergunta-sobre-aquecimento-global\/"},"modified":"2026-09-05T13:42:53","modified_gmt":"2026-09-05T16:42:53","slug":"eleicoes-2026-flavio-bolsonaro-responde-a-pergunta-sobre-aquecimento-global","status":"publish","type":"post","link":"https:\/\/mensagemdivina.com.br\/mensagemdivina\/eleicoes-2026-flavio-bolsonaro-responde-a-pergunta-sobre-aquecimento-global\/","title":{"rendered":"Elei\u00e7\u00f5es 2026 &#8211; Fl\u00e1vio Bolsonaro responde a pergunta sobre aquecimento global"},"content":{"rendered":"<p><iframe loading=\"lazy\"  width=\"580\" height=\"385\" src=\"https:\/\/www.youtube.com\/embed\/K6uiNsqP7cI?autoplay=1\" frameborder=\"0\" allowfullscreen><\/iframe><br \/>\n<br \/>Fl\u00e1vio Bolsonaro (PL) participou nesta sexta-feira (28) da s\u00e9rie de entrevistas da TV Globo com os candidatos \u00e0 Presid\u00eancia da &#8230;<br \/>\n<br \/><a href=\"[https:\/\/mensagemdivina.com.br\/]\">Mensagem Divina<\/a><\/p>\n","protected":false},"excerpt":{"rendered":"<p>Fl\u00e1vio Bolsonaro (PL) participou nesta sexta-feira (28) da s\u00e9rie de entrevistas da TV Globo com os candidatos \u00e0 Presid\u00eancia da &#8230; Mensagem Divina<\/p>\n","protected":false},"author":1,"featured_media":48872,"comment_status":"open","ping_status":"open","sticky":false,"template":"","format":"standard","meta":{"footnotes":""},"categories":[5961],"tags":[63624,9436,32554,8290,8439,2725,63623],"class_list":["post-48871","post","type-post","status-publish","format-standard","has-post-thumbnail","hentry","category-eduardo-reis","tag-cesar-tralli","tag-eleicoes","tag-flavio-bolsonaro","tag-g1","tag-noticia","tag-noticias","tag-renata-vasconcellos"],"aioseo_notices":[],"_links":{"self":[{"href":"https:\/\/mensagemdivina.com.br\/mensagemdivina\/wp-json\/wp\/v2\/posts\/48871","targetHints":{"allow":["GET"]}}],"collection":[{"href":"https:\/\/mensagemdivina.com.br\/mensagemdivina\/wp-json\/wp\/v2\/posts"}],"about":[{"href":"https:\/\/mensagemdivina.com.br\/mensagemdivina\/wp-json\/wp\/v2\/types\/post"}],"author":[{"embeddable":true,"href":"https:\/\/mensagemdivina.com.br\/mensagemdivina\/wp-json\/wp\/v2\/users\/1"}],"replies":[{"embeddable":true,"href":"https:\/\/mensagemdivina.com.br\/mensagemdivina\/wp-json\/wp\/v2\/comments?post=48871"}],"version-history":[{"count":0,"href":"https:\/\/mensagemdivina.com.br\/mensagemdivina\/wp-json\/wp\/v2\/posts\/48871\/revisions"}],"wp:featuredmedia":[{"embeddable":true,"href":"https:\/\/mensagemdivina.com.br\/mensagemdivina\/wp-json\/wp\/v2\/media\/48872"}],"wp:attachment":[{"href":"https:\/\/mensagemdivina.com.br\/mensagemdivina\/wp-json\/wp\/v2\/media?parent=48871"}],"wp:term":[{"taxonomy":"category","embeddable":true,"href":"https:\/\/mensagemdivina.com.br\/mensagemdivina\/wp-json\/wp\/v2\/categories?post=48871"},{"taxonomy":"post_tag","embeddable":true,"href":"https:\/\/mensagemdivina.com.br\/mensagemdivina\/wp-json\/wp\/v2\/tags?post=48871"}],"curies":[{"name":"wp","href":"https:\/\/api.w.org\/{rel}","templated":true}]}}