{"id":46119,"date":"2026-04-27T00:58:34","date_gmt":"2026-04-27T03:58:34","guid":{"rendered":"https:\/\/mensagemdivina.com.br\/mensagemdivina\/palestra-a-desinformacao-contemporanea-a-luz-de-uma-perspectiva-interdisciplinar\/"},"modified":"2026-04-27T00:58:34","modified_gmt":"2026-04-27T03:58:34","slug":"palestra-a-desinformacao-contemporanea-a-luz-de-uma-perspectiva-interdisciplinar","status":"publish","type":"post","link":"https:\/\/mensagemdivina.com.br\/mensagemdivina\/palestra-a-desinformacao-contemporanea-a-luz-de-uma-perspectiva-interdisciplinar\/","title":{"rendered":"Palestra: A desinforma\u00e7\u00e3o contempor\u00e2nea \u00e0 luz de uma perspectiva interdisciplinar"},"content":{"rendered":"<p><iframe loading=\"lazy\"  width=\"580\" height=\"385\" src=\"https:\/\/www.youtube.com\/embed\/fGE0HVo3aLY?autoplay=1\" frameborder=\"0\" allowfullscreen><\/iframe><br \/>\n<br \/>As Bibliotecas UFU convidam toda a comunidade acad\u00eamica e o p\u00fablico em geral para a palestra \u201cA desinforma\u00e7\u00e3o &#8230;<br \/>\n<br \/><a href=\"[https:\/\/mensagemdivina.com.br\/]\">Mensagem Divina<\/a><\/p>\n","protected":false},"excerpt":{"rendered":"<p>As Bibliotecas UFU convidam toda a comunidade acad\u00eamica e o p\u00fablico em geral para a palestra \u201cA desinforma\u00e7\u00e3o &#8230; Mensagem Divina<\/p>\n","protected":false},"author":1,"featured_media":46120,"comment_status":"open","ping_status":"open","sticky":false,"template":"","format":"standard","meta":{"footnotes":""},"categories":[5963],"tags":[60498,60497,60489,60492,60496,60495,60499,60494,60493,60491,60490,8311,1525],"class_list":["post-46119","post","type-post","status-publish","format-standard","has-post-thumbnail","hentry","category-nelson-junior","tag-academiclibraries","tag-academiclibrary","tag-bibliotecasufu","tag-bibliotecasuniversitarias","tag-collegelibraries","tag-collegelibrary","tag-dianacionaldolivro","tag-libraries","tag-library","tag-sisbiufu","tag-ufu","tag-leitura","tag-uberlandia"],"aioseo_notices":[],"_links":{"self":[{"href":"https:\/\/mensagemdivina.com.br\/mensagemdivina\/wp-json\/wp\/v2\/posts\/46119","targetHints":{"allow":["GET"]}}],"collection":[{"href":"https:\/\/mensagemdivina.com.br\/mensagemdivina\/wp-json\/wp\/v2\/posts"}],"about":[{"href":"https:\/\/mensagemdivina.com.br\/mensagemdivina\/wp-json\/wp\/v2\/types\/post"}],"author":[{"embeddable":true,"href":"https:\/\/mensagemdivina.com.br\/mensagemdivina\/wp-json\/wp\/v2\/users\/1"}],"replies":[{"embeddable":true,"href":"https:\/\/mensagemdivina.com.br\/mensagemdivina\/wp-json\/wp\/v2\/comments?post=46119"}],"version-history":[{"count":0,"href":"https:\/\/mensagemdivina.com.br\/mensagemdivina\/wp-json\/wp\/v2\/posts\/46119\/revisions"}],"wp:featuredmedia":[{"embeddable":true,"href":"https:\/\/mensagemdivina.com.br\/mensagemdivina\/wp-json\/wp\/v2\/media\/46120"}],"wp:attachment":[{"href":"https:\/\/mensagemdivina.com.br\/mensagemdivina\/wp-json\/wp\/v2\/media?parent=46119"}],"wp:term":[{"taxonomy":"category","embeddable":true,"href":"https:\/\/mensagemdivina.com.br\/mensagemdivina\/wp-json\/wp\/v2\/categories?post=46119"},{"taxonomy":"post_tag","embeddable":true,"href":"https:\/\/mensagemdivina.com.br\/mensagemdivina\/wp-json\/wp\/v2\/tags?post=46119"}],"curies":[{"name":"wp","href":"https:\/\/api.w.org\/{rel}","templated":true}]}}