{"id":45517,"date":"2026-04-03T03:42:01","date_gmt":"2026-04-03T06:42:01","guid":{"rendered":"https:\/\/mensagemdivina.com.br\/mensagemdivina\/ana-paula-valadao-e-silenciada-pela-propria-familia-transmissao-ao-vivo-e-interrompida\/"},"modified":"2026-04-03T03:42:01","modified_gmt":"2026-04-03T06:42:01","slug":"ana-paula-valadao-e-silenciada-pela-propria-familia-transmissao-ao-vivo-e-interrompida","status":"publish","type":"post","link":"https:\/\/mensagemdivina.com.br\/mensagemdivina\/ana-paula-valadao-e-silenciada-pela-propria-familia-transmissao-ao-vivo-e-interrompida\/","title":{"rendered":"Ana Paula Valad\u00e3o \u00c9 Silenciada Pela Pr\u00f3pria Fam\u00edlia? Transmiss\u00e3o ao vivo \u00e9 interrompida!"},"content":{"rendered":"<p><iframe loading=\"lazy\"  width=\"580\" height=\"385\" src=\"https:\/\/www.youtube.com\/embed\/6NdmevQ0wj4?autoplay=1\" frameborder=\"0\" allowfullscreen><\/iframe><br \/>\n<br \/>Por que a prega\u00e7\u00e3o de Ana Paula Valad\u00e3o foi interrompida e exclu\u00edda das redes sociais da Lagoinha? Entenda esse mist\u00e9rio!<br \/>\n<br \/><a href=\"[https:\/\/mensagemdivina.com.br\/]\">Mensagem Divina<\/a><\/p>\n","protected":false},"excerpt":{"rendered":"<p>Por que a prega\u00e7\u00e3o de Ana Paula Valad\u00e3o foi interrompida e exclu\u00edda das redes sociais da Lagoinha? Entenda esse mist\u00e9rio! Mensagem Divina<\/p>\n","protected":false},"author":1,"featured_media":45518,"comment_status":"open","ping_status":"open","sticky":false,"template":"","format":"standard","meta":{"footnotes":""},"categories":[5954],"tags":[6118,59755,6359,46833,6481,2751,7746,7483,45923,59754],"class_list":["post-45517","post","type-post","status-publish","format-standard","has-post-thumbnail","hentry","category-ana-paula-valadao","tag-ana-paula-valadao","tag-ana-paula-valadao-silenciada","tag-andre-valadao","tag-familia-valadao","tag-felippe-valadao","tag-igreja-batista-da-lagoinha","tag-igreja-lagoinha","tag-mariana-valadao","tag-pregacao-excluida","tag-transmissao-ao-vivo-interrompida"],"aioseo_notices":[],"_links":{"self":[{"href":"https:\/\/mensagemdivina.com.br\/mensagemdivina\/wp-json\/wp\/v2\/posts\/45517","targetHints":{"allow":["GET"]}}],"collection":[{"href":"https:\/\/mensagemdivina.com.br\/mensagemdivina\/wp-json\/wp\/v2\/posts"}],"about":[{"href":"https:\/\/mensagemdivina.com.br\/mensagemdivina\/wp-json\/wp\/v2\/types\/post"}],"author":[{"embeddable":true,"href":"https:\/\/mensagemdivina.com.br\/mensagemdivina\/wp-json\/wp\/v2\/users\/1"}],"replies":[{"embeddable":true,"href":"https:\/\/mensagemdivina.com.br\/mensagemdivina\/wp-json\/wp\/v2\/comments?post=45517"}],"version-history":[{"count":0,"href":"https:\/\/mensagemdivina.com.br\/mensagemdivina\/wp-json\/wp\/v2\/posts\/45517\/revisions"}],"wp:featuredmedia":[{"embeddable":true,"href":"https:\/\/mensagemdivina.com.br\/mensagemdivina\/wp-json\/wp\/v2\/media\/45518"}],"wp:attachment":[{"href":"https:\/\/mensagemdivina.com.br\/mensagemdivina\/wp-json\/wp\/v2\/media?parent=45517"}],"wp:term":[{"taxonomy":"category","embeddable":true,"href":"https:\/\/mensagemdivina.com.br\/mensagemdivina\/wp-json\/wp\/v2\/categories?post=45517"},{"taxonomy":"post_tag","embeddable":true,"href":"https:\/\/mensagemdivina.com.br\/mensagemdivina\/wp-json\/wp\/v2\/tags?post=45517"}],"curies":[{"name":"wp","href":"https:\/\/api.w.org\/{rel}","templated":true}]}}