{"id":45435,"date":"2026-03-30T22:41:34","date_gmt":"2026-03-31T01:41:34","guid":{"rendered":"https:\/\/mensagemdivina.com.br\/mensagemdivina\/o-que-nao-e-missao-integral-e-rene-padilla-valtenci-oliveira-teologia-latino-americana\/"},"modified":"2026-03-30T22:41:34","modified_gmt":"2026-03-31T01:41:34","slug":"o-que-nao-e-missao-integral-e-rene-padilla-valtenci-oliveira-teologia-latino-americana","status":"publish","type":"post","link":"https:\/\/mensagemdivina.com.br\/mensagemdivina\/o-que-nao-e-missao-integral-e-rene-padilla-valtenci-oliveira-teologia-latino-americana\/","title":{"rendered":"O que N\u00c3O \u00e9 Miss\u00e3o Integral e Ren\u00e9 Padilla &#8211; Valtenci Oliveira  [Teologia Latino-Americana]"},"content":{"rendered":"<p><iframe loading=\"lazy\"  width=\"580\" height=\"385\" src=\"https:\/\/www.youtube.com\/embed\/k3l-pdwECGE?autoplay=1\" frameborder=\"0\" allowfullscreen><\/iframe><br \/>\n<br \/>A reflex\u00e3o teol\u00f3gica \u00e9 indispens\u00e1vel para a vida e a miss\u00e3o da igreja. Todo pensar teol\u00f3gico deve dizer algo real para o mundo &#8230;<br \/>\n<br \/><a href=\"[https:\/\/mensagemdivina.com.br\/]\">Mensagem Divina<\/a><\/p>\n","protected":false},"excerpt":{"rendered":"<p>A reflex\u00e3o teol\u00f3gica \u00e9 indispens\u00e1vel para a vida e a miss\u00e3o da igreja. Todo pensar teol\u00f3gico deve dizer algo real para o mundo &#8230; Mensagem Divina<\/p>\n","protected":false},"author":1,"featured_media":45436,"comment_status":"open","ping_status":"open","sticky":false,"template":"","format":"standard","meta":{"footnotes":""},"categories":[5957],"tags":[861,1250,104,326,59678,59677],"class_list":["post-45435","post","type-post","status-publish","format-standard","has-post-thumbnail","hentry","category-ed-rene-kivitz","tag-batista","tag-culto-online","tag-estudo-biblico","tag-igreja","tag-igreja-batista-do-prado","tag-igreja-do-prado"],"aioseo_notices":[],"_links":{"self":[{"href":"https:\/\/mensagemdivina.com.br\/mensagemdivina\/wp-json\/wp\/v2\/posts\/45435","targetHints":{"allow":["GET"]}}],"collection":[{"href":"https:\/\/mensagemdivina.com.br\/mensagemdivina\/wp-json\/wp\/v2\/posts"}],"about":[{"href":"https:\/\/mensagemdivina.com.br\/mensagemdivina\/wp-json\/wp\/v2\/types\/post"}],"author":[{"embeddable":true,"href":"https:\/\/mensagemdivina.com.br\/mensagemdivina\/wp-json\/wp\/v2\/users\/1"}],"replies":[{"embeddable":true,"href":"https:\/\/mensagemdivina.com.br\/mensagemdivina\/wp-json\/wp\/v2\/comments?post=45435"}],"version-history":[{"count":0,"href":"https:\/\/mensagemdivina.com.br\/mensagemdivina\/wp-json\/wp\/v2\/posts\/45435\/revisions"}],"wp:featuredmedia":[{"embeddable":true,"href":"https:\/\/mensagemdivina.com.br\/mensagemdivina\/wp-json\/wp\/v2\/media\/45436"}],"wp:attachment":[{"href":"https:\/\/mensagemdivina.com.br\/mensagemdivina\/wp-json\/wp\/v2\/media?parent=45435"}],"wp:term":[{"taxonomy":"category","embeddable":true,"href":"https:\/\/mensagemdivina.com.br\/mensagemdivina\/wp-json\/wp\/v2\/categories?post=45435"},{"taxonomy":"post_tag","embeddable":true,"href":"https:\/\/mensagemdivina.com.br\/mensagemdivina\/wp-json\/wp\/v2\/tags?post=45435"}],"curies":[{"name":"wp","href":"https:\/\/api.w.org\/{rel}","templated":true}]}}