{"id":41967,"date":"2025-11-11T14:54:40","date_gmt":"2025-11-11T17:54:40","guid":{"rendered":"https:\/\/mensagemdivina.com.br\/mensagemdivina\/eu-tenho-um-sonho-assista-ao-discurso-de-martin-luther-king-legendado\/"},"modified":"2025-11-11T14:54:40","modified_gmt":"2025-11-11T17:54:40","slug":"eu-tenho-um-sonho-assista-ao-discurso-de-martin-luther-king-legendado","status":"publish","type":"post","link":"https:\/\/mensagemdivina.com.br\/mensagemdivina\/eu-tenho-um-sonho-assista-ao-discurso-de-martin-luther-king-legendado\/","title":{"rendered":"&#39;Eu tenho um sonho&#39;: Assista ao discurso de Martin Luther King legendado"},"content":{"rendered":"<p><iframe loading=\"lazy\"  width=\"580\" height=\"385\" src=\"https:\/\/www.youtube.com\/embed\/aWlhPFHOl-Y?autoplay=1\" frameborder=\"0\" allowfullscreen><\/iframe><br \/>\n<br \/>Foi no dia 28 de agosto, h\u00e1 56 anos, que Martin Luther King fez seu lend\u00e1rio discurso &#8220;Eu tenho um sonho&#8221;, que pregava a uni\u00e3o &#8230;<br \/>\n<br \/><a href=\"[https:\/\/mensagemdivina.com.br\/]\">Mensagem Divina<\/a><\/p>\n","protected":false},"excerpt":{"rendered":"<p>Foi no dia 28 de agosto, h\u00e1 56 anos, que Martin Luther King fez seu lend\u00e1rio discurso &#8220;Eu tenho um sonho&#8221;, que pregava a uni\u00e3o &#8230; Mensagem Divina<\/p>\n","protected":false},"author":1,"featured_media":41968,"comment_status":"open","ping_status":"open","sticky":false,"template":"","format":"standard","meta":{"footnotes":""},"categories":[5963],"tags":[55828,46025,28874],"class_list":["post-41967","post","type-post","status-publish","format-standard","has-post-thumbnail","hentry","category-nelson-junior","tag-eu-tenho-um-sonho","tag-i-have-a-dream","tag-martin-luther-king"],"aioseo_notices":[],"_links":{"self":[{"href":"https:\/\/mensagemdivina.com.br\/mensagemdivina\/wp-json\/wp\/v2\/posts\/41967","targetHints":{"allow":["GET"]}}],"collection":[{"href":"https:\/\/mensagemdivina.com.br\/mensagemdivina\/wp-json\/wp\/v2\/posts"}],"about":[{"href":"https:\/\/mensagemdivina.com.br\/mensagemdivina\/wp-json\/wp\/v2\/types\/post"}],"author":[{"embeddable":true,"href":"https:\/\/mensagemdivina.com.br\/mensagemdivina\/wp-json\/wp\/v2\/users\/1"}],"replies":[{"embeddable":true,"href":"https:\/\/mensagemdivina.com.br\/mensagemdivina\/wp-json\/wp\/v2\/comments?post=41967"}],"version-history":[{"count":0,"href":"https:\/\/mensagemdivina.com.br\/mensagemdivina\/wp-json\/wp\/v2\/posts\/41967\/revisions"}],"wp:featuredmedia":[{"embeddable":true,"href":"https:\/\/mensagemdivina.com.br\/mensagemdivina\/wp-json\/wp\/v2\/media\/41968"}],"wp:attachment":[{"href":"https:\/\/mensagemdivina.com.br\/mensagemdivina\/wp-json\/wp\/v2\/media?parent=41967"}],"wp:term":[{"taxonomy":"category","embeddable":true,"href":"https:\/\/mensagemdivina.com.br\/mensagemdivina\/wp-json\/wp\/v2\/categories?post=41967"},{"taxonomy":"post_tag","embeddable":true,"href":"https:\/\/mensagemdivina.com.br\/mensagemdivina\/wp-json\/wp\/v2\/tags?post=41967"}],"curies":[{"name":"wp","href":"https:\/\/api.w.org\/{rel}","templated":true}]}}