{"id":40048,"date":"2025-08-26T17:50:36","date_gmt":"2025-08-26T20:50:36","guid":{"rendered":"https:\/\/mensagemdivina.com.br\/mensagemdivina\/palestra-publica-6-tema-vale-a-pena-viver\/"},"modified":"2025-08-26T17:50:36","modified_gmt":"2025-08-26T20:50:36","slug":"palestra-publica-6-tema-vale-a-pena-viver","status":"publish","type":"post","link":"https:\/\/mensagemdivina.com.br\/mensagemdivina\/palestra-publica-6-tema-vale-a-pena-viver\/","title":{"rendered":"PALESTRA P\u00daBLICA #6 | Tema: Vale a pena viver"},"content":{"rendered":"<p><iframe loading=\"lazy\"  width=\"580\" height=\"385\" src=\"https:\/\/www.youtube.com\/embed\/NgNaqpw50kM?autoplay=1\" frameborder=\"0\" allowfullscreen><\/iframe><br \/>\n<br \/>Amigos, durante todo o m\u00eas de setembro, o Centro Esp\u00edrita Jos\u00e9 Grosso realizar\u00e1 um circuito de palestras voltado \u00e0s campanhas &#8230;<br \/>\n<br \/><a href=\"[https:\/\/mensagemdivina.com.br\/]\">Mensagem Divina<\/a><\/p>\n","protected":false},"excerpt":{"rendered":"<p>Amigos, durante todo o m\u00eas de setembro, o Centro Esp\u00edrita Jos\u00e9 Grosso realizar\u00e1 um circuito de palestras voltado \u00e0s campanhas &#8230; Mensagem Divina<\/p>\n","protected":false},"author":1,"featured_media":40049,"comment_status":"open","ping_status":"open","sticky":false,"template":"","format":"standard","meta":{"footnotes":""},"categories":[5962],"tags":[10332,710,53473,53474,14688,53471,44415,53476,83,8990,51114,6692,6691,13306,364,53469,232,20682,9865,34302,53475,28153,82,53472,13264,7543,22050,6505,31135,53470,6709,23381,7547,53477,49541],"class_list":["post-40048","post","type-post","status-publish","format-standard","has-post-thumbnail","hentry","category-josue-goncalves","tag-allan-kardec","tag-atributos-de-deus","tag-cejg","tag-cemi","tag-centro-espirita","tag-centro-espirita-jose-grosso","tag-ceu-e-inferno","tag-contra-o-suicidio","tag-deus","tag-doutrina-espirita","tag-esde","tag-espirita","tag-espiritismo","tag-espiritos","tag-estudo","tag-estudo-sistematizado-da-doutrina-espirita","tag-evangelho","tag-existencia-de-deus","tag-feb","tag-femar","tag-genese","tag-imperatriz","tag-jesus","tag-jose-grosso","tag-maranhao","tag-mediunidade","tag-mediuns","tag-palestra","tag-palestra-publica","tag-pontos-principais-da-doutrina-espirita","tag-reencarnacao","tag-setembro","tag-setembro-amarelo","tag-vale-a-pena-viver","tag-valorizacao-da-vida"],"aioseo_notices":[],"_links":{"self":[{"href":"https:\/\/mensagemdivina.com.br\/mensagemdivina\/wp-json\/wp\/v2\/posts\/40048","targetHints":{"allow":["GET"]}}],"collection":[{"href":"https:\/\/mensagemdivina.com.br\/mensagemdivina\/wp-json\/wp\/v2\/posts"}],"about":[{"href":"https:\/\/mensagemdivina.com.br\/mensagemdivina\/wp-json\/wp\/v2\/types\/post"}],"author":[{"embeddable":true,"href":"https:\/\/mensagemdivina.com.br\/mensagemdivina\/wp-json\/wp\/v2\/users\/1"}],"replies":[{"embeddable":true,"href":"https:\/\/mensagemdivina.com.br\/mensagemdivina\/wp-json\/wp\/v2\/comments?post=40048"}],"version-history":[{"count":0,"href":"https:\/\/mensagemdivina.com.br\/mensagemdivina\/wp-json\/wp\/v2\/posts\/40048\/revisions"}],"wp:featuredmedia":[{"embeddable":true,"href":"https:\/\/mensagemdivina.com.br\/mensagemdivina\/wp-json\/wp\/v2\/media\/40049"}],"wp:attachment":[{"href":"https:\/\/mensagemdivina.com.br\/mensagemdivina\/wp-json\/wp\/v2\/media?parent=40048"}],"wp:term":[{"taxonomy":"category","embeddable":true,"href":"https:\/\/mensagemdivina.com.br\/mensagemdivina\/wp-json\/wp\/v2\/categories?post=40048"},{"taxonomy":"post_tag","embeddable":true,"href":"https:\/\/mensagemdivina.com.br\/mensagemdivina\/wp-json\/wp\/v2\/tags?post=40048"}],"curies":[{"name":"wp","href":"https:\/\/api.w.org\/{rel}","templated":true}]}}