{"id":39926,"date":"2025-08-21T23:49:34","date_gmt":"2025-08-22T02:49:34","guid":{"rendered":"https:\/\/mensagemdivina.com.br\/mensagemdivina\/prof-dr-carlos-eduardo-b-palestra-o-nominalismo-e-as-origens-teologicas-da-modernidade\/"},"modified":"2025-08-21T23:49:34","modified_gmt":"2025-08-22T02:49:34","slug":"prof-dr-carlos-eduardo-b-palestra-o-nominalismo-e-as-origens-teologicas-da-modernidade","status":"publish","type":"post","link":"https:\/\/mensagemdivina.com.br\/mensagemdivina\/prof-dr-carlos-eduardo-b-palestra-o-nominalismo-e-as-origens-teologicas-da-modernidade\/","title":{"rendered":"Prof. Dr.  Carlos Eduardo B. Palestra: O &quot;Nominalismo&quot; e as origens teol\u00f3gicas da Modernidade"},"content":{"rendered":"<p><iframe loading=\"lazy\"  width=\"580\" height=\"385\" src=\"https:\/\/www.youtube.com\/embed\/UnGkZ18iyLI?autoplay=1\" frameborder=\"0\" allowfullscreen><\/iframe><br \/>\n<br \/>Palestra proferida em 21\/03\/2017 no Simp\u00f3sio Reforma Protestante, 500 anos depois: fontes e repercuss\u00f5es. Realiza\u00e7\u00e3o: Grupo &#8230;<br \/>\n<br \/><a href=\"[https:\/\/mensagemdivina.com.br\/]\">Mensagem Divina<\/a><\/p>\n","protected":false},"excerpt":{"rendered":"<p>Palestra proferida em 21\/03\/2017 no Simp\u00f3sio Reforma Protestante, 500 anos depois: fontes e repercuss\u00f5es. Realiza\u00e7\u00e3o: Grupo &#8230; Mensagem Divina<\/p>\n","protected":false},"author":1,"featured_media":39927,"comment_status":"open","ping_status":"open","sticky":false,"template":"","format":"standard","meta":{"footnotes":""},"categories":[5961],"tags":[53375,28912,53377,37154,53376,53373,53374,53372,1822,443,53378],"class_list":["post-39926","post","type-post","status-publish","format-standard","has-post-thumbnail","hentry","category-eduardo-reis","tag-ciencia-da-religiao","tag-graduacao","tag-grupo-de-pesquisa-correlativos","tag-modernidade","tag-navalha-de-ockham","tag-nominalismo","tag-pos-graduacao","tag-prof-dr-carlos-eduardo-brandao-calvani","tag-reforma-protestante","tag-teologia","tag-universidade-federal-de-sergipe"],"aioseo_notices":[],"_links":{"self":[{"href":"https:\/\/mensagemdivina.com.br\/mensagemdivina\/wp-json\/wp\/v2\/posts\/39926","targetHints":{"allow":["GET"]}}],"collection":[{"href":"https:\/\/mensagemdivina.com.br\/mensagemdivina\/wp-json\/wp\/v2\/posts"}],"about":[{"href":"https:\/\/mensagemdivina.com.br\/mensagemdivina\/wp-json\/wp\/v2\/types\/post"}],"author":[{"embeddable":true,"href":"https:\/\/mensagemdivina.com.br\/mensagemdivina\/wp-json\/wp\/v2\/users\/1"}],"replies":[{"embeddable":true,"href":"https:\/\/mensagemdivina.com.br\/mensagemdivina\/wp-json\/wp\/v2\/comments?post=39926"}],"version-history":[{"count":0,"href":"https:\/\/mensagemdivina.com.br\/mensagemdivina\/wp-json\/wp\/v2\/posts\/39926\/revisions"}],"wp:featuredmedia":[{"embeddable":true,"href":"https:\/\/mensagemdivina.com.br\/mensagemdivina\/wp-json\/wp\/v2\/media\/39927"}],"wp:attachment":[{"href":"https:\/\/mensagemdivina.com.br\/mensagemdivina\/wp-json\/wp\/v2\/media?parent=39926"}],"wp:term":[{"taxonomy":"category","embeddable":true,"href":"https:\/\/mensagemdivina.com.br\/mensagemdivina\/wp-json\/wp\/v2\/categories?post=39926"},{"taxonomy":"post_tag","embeddable":true,"href":"https:\/\/mensagemdivina.com.br\/mensagemdivina\/wp-json\/wp\/v2\/tags?post=39926"}],"curies":[{"name":"wp","href":"https:\/\/api.w.org\/{rel}","templated":true}]}}