{"id":36868,"date":"2025-04-21T03:55:37","date_gmt":"2025-04-21T06:55:37","guid":{"rendered":"https:\/\/mensagemdivina.com.br\/mensagemdivina\/todas-as-religioes-sao-boas-e-iguais-quaresma-da-igreja-4-dia-irma-maria-raquel\/"},"modified":"2025-04-21T03:55:37","modified_gmt":"2025-04-21T06:55:37","slug":"todas-as-religioes-sao-boas-e-iguais-quaresma-da-igreja-4-dia-irma-maria-raquel","status":"publish","type":"post","link":"https:\/\/mensagemdivina.com.br\/mensagemdivina\/todas-as-religioes-sao-boas-e-iguais-quaresma-da-igreja-4-dia-irma-maria-raquel\/","title":{"rendered":"Todas as religi\u00f5es s\u00e3o boas e iguais? &#8211; Quaresma da Igreja 4 dia | Irm\u00e3 Maria Raquel"},"content":{"rendered":"<p><iframe loading=\"lazy\"  width=\"580\" height=\"385\" src=\"https:\/\/www.youtube.com\/embed\/UUu6QefE2c4?autoplay=1\" frameborder=\"0\" allowfullscreen><\/iframe><br \/>\n<br \/>Aprofunde o conhecimento da forma\u00e7\u00e3o com o Livro &#8220;A Igreja Cat\u00f3lica &#8211; Cristo Vivo e Presente entre n\u00f3s&#8221; &#8230;<br \/>\n<br \/><a href=\"[https:\/\/mensagemdivina.com.br\/]\">Mensagem Divina<\/a><\/p>\n","protected":false},"excerpt":{"rendered":"<p>Aprofunde o conhecimento da forma\u00e7\u00e3o com o Livro &#8220;A Igreja Cat\u00f3lica &#8211; Cristo Vivo e Presente entre n\u00f3s&#8221; &#8230; Mensagem Divina<\/p>\n","protected":false},"author":1,"featured_media":36869,"comment_status":"open","ping_status":"open","sticky":false,"template":"","format":"standard","meta":{"footnotes":""},"categories":[5961],"tags":[20486,50369,50363,34786,17181,50368,1627,50370,12543,34797,50364,50366,50374,50365,45850,50367,50371,50373,50372],"class_list":["post-36868","post","type-post","status-publish","format-standard","has-post-thumbnail","hentry","category-eduardo-reis","tag-a-igreja","tag-cristo-sim","tag-escola-de-oracao-e-formacao-instituto-hesed","tag-exercito-de-sao-miguel","tag-formacao","tag-hesed-ao-vivo","tag-igreja-catolica","tag-igreja-nao-pregacao-1-dia-quaresma-da-igreja-irma-maria-raquel-hesed","tag-instituto-hesed","tag-instituto-hesed-ao-vivo","tag-ir-kelly-instituto-hesed-_oficial-ao-vivo","tag-ir-maria-raquel-hesed","tag-mae-que-gera","tag-pregacao-hesed","tag-pregacao-instituto-hesed-hoje","tag-prregacao-ir-maria-raquel","tag-quaresma-2025","tag-quaresma-da-igreja-2025","tag-quaresma-instituto-hesed-2025"],"aioseo_notices":[],"_links":{"self":[{"href":"https:\/\/mensagemdivina.com.br\/mensagemdivina\/wp-json\/wp\/v2\/posts\/36868","targetHints":{"allow":["GET"]}}],"collection":[{"href":"https:\/\/mensagemdivina.com.br\/mensagemdivina\/wp-json\/wp\/v2\/posts"}],"about":[{"href":"https:\/\/mensagemdivina.com.br\/mensagemdivina\/wp-json\/wp\/v2\/types\/post"}],"author":[{"embeddable":true,"href":"https:\/\/mensagemdivina.com.br\/mensagemdivina\/wp-json\/wp\/v2\/users\/1"}],"replies":[{"embeddable":true,"href":"https:\/\/mensagemdivina.com.br\/mensagemdivina\/wp-json\/wp\/v2\/comments?post=36868"}],"version-history":[{"count":0,"href":"https:\/\/mensagemdivina.com.br\/mensagemdivina\/wp-json\/wp\/v2\/posts\/36868\/revisions"}],"wp:featuredmedia":[{"embeddable":true,"href":"https:\/\/mensagemdivina.com.br\/mensagemdivina\/wp-json\/wp\/v2\/media\/36869"}],"wp:attachment":[{"href":"https:\/\/mensagemdivina.com.br\/mensagemdivina\/wp-json\/wp\/v2\/media?parent=36868"}],"wp:term":[{"taxonomy":"category","embeddable":true,"href":"https:\/\/mensagemdivina.com.br\/mensagemdivina\/wp-json\/wp\/v2\/categories?post=36868"},{"taxonomy":"post_tag","embeddable":true,"href":"https:\/\/mensagemdivina.com.br\/mensagemdivina\/wp-json\/wp\/v2\/tags?post=36868"}],"curies":[{"name":"wp","href":"https:\/\/api.w.org\/{rel}","templated":true}]}}