{"id":35668,"date":"2025-03-08T15:46:43","date_gmt":"2025-03-08T18:46:43","guid":{"rendered":"https:\/\/mensagemdivina.com.br\/mensagemdivina\/andre-valadao-a-igreja-nao-esta-com-bolsonaro\/"},"modified":"2025-03-08T15:46:43","modified_gmt":"2025-03-08T18:46:43","slug":"andre-valadao-a-igreja-nao-esta-com-bolsonaro","status":"publish","type":"post","link":"https:\/\/mensagemdivina.com.br\/mensagemdivina\/andre-valadao-a-igreja-nao-esta-com-bolsonaro\/","title":{"rendered":"ANDRE VALAD\u00c3O a igreja N\u00c3O est\u00e1 com BOLSONARO"},"content":{"rendered":"<p><iframe loading=\"lazy\"  width=\"580\" height=\"385\" src=\"https:\/\/www.youtube.com\/embed\/IDW6CWWwAOg?autoplay=1\" frameborder=\"0\" allowfullscreen><\/iframe><br \/>\n<br \/>o Pastor Andr\u00e9 Valad\u00e3o explica que a Igreja n\u00e3o est\u00e1 de m\u00e3os dadas com Bolsonaro Andr\u00e9 Valad\u00e3o (Reprodu\u00e7\u00e3o internet) O &#8230;<br \/>\n<br \/><a href=\"[https:\/\/mensagemdivina.com.br\/]\">Mensagem Divina<\/a><\/p>\n","protected":false},"excerpt":{"rendered":"<p>o Pastor Andr\u00e9 Valad\u00e3o explica que a Igreja n\u00e3o est\u00e1 de m\u00e3os dadas com Bolsonaro Andr\u00e9 Valad\u00e3o (Reprodu\u00e7\u00e3o internet) O &#8230; Mensagem Divina<\/p>\n","protected":false},"author":1,"featured_media":35669,"comment_status":"open","ping_status":"open","sticky":false,"template":"","format":"standard","meta":{"footnotes":""},"categories":[5954],"tags":[6359,49300,49301,38069,21129,8593,21132,21131,6321,21130,8126,49302,21128,21135,21134,149,21133,7392],"class_list":["post-35668","post","type-post","status-publish","format-standard","has-post-thumbnail","hentry","category-ana-paula-valadao","tag-andre-valadao","tag-andre-valadao-a-igreja-nao-esta-com-bolsonaro","tag-andre-valadao-e-perguntas","tag-andre-valadao-responde","tag-as-melhores-respostas","tag-cantor-andre-valadao","tag-crente-pergunta","tag-crente-pode","tag-lucinho","tag-melhores-respostas-do-andre-valadao","tag-pastor-andre-valadao","tag-pastor-andre-valadao-responde-respondendo-perguntas","tag-pastor-e-pecado","tag-pastor-lagoinha","tag-pergunta-que-eu-respondo","tag-perguntas-e-respostas","tag-respostas-do-pastor","tag-valadao"],"aioseo_notices":[],"_links":{"self":[{"href":"https:\/\/mensagemdivina.com.br\/mensagemdivina\/wp-json\/wp\/v2\/posts\/35668","targetHints":{"allow":["GET"]}}],"collection":[{"href":"https:\/\/mensagemdivina.com.br\/mensagemdivina\/wp-json\/wp\/v2\/posts"}],"about":[{"href":"https:\/\/mensagemdivina.com.br\/mensagemdivina\/wp-json\/wp\/v2\/types\/post"}],"author":[{"embeddable":true,"href":"https:\/\/mensagemdivina.com.br\/mensagemdivina\/wp-json\/wp\/v2\/users\/1"}],"replies":[{"embeddable":true,"href":"https:\/\/mensagemdivina.com.br\/mensagemdivina\/wp-json\/wp\/v2\/comments?post=35668"}],"version-history":[{"count":0,"href":"https:\/\/mensagemdivina.com.br\/mensagemdivina\/wp-json\/wp\/v2\/posts\/35668\/revisions"}],"wp:featuredmedia":[{"embeddable":true,"href":"https:\/\/mensagemdivina.com.br\/mensagemdivina\/wp-json\/wp\/v2\/media\/35669"}],"wp:attachment":[{"href":"https:\/\/mensagemdivina.com.br\/mensagemdivina\/wp-json\/wp\/v2\/media?parent=35668"}],"wp:term":[{"taxonomy":"category","embeddable":true,"href":"https:\/\/mensagemdivina.com.br\/mensagemdivina\/wp-json\/wp\/v2\/categories?post=35668"},{"taxonomy":"post_tag","embeddable":true,"href":"https:\/\/mensagemdivina.com.br\/mensagemdivina\/wp-json\/wp\/v2\/tags?post=35668"}],"curies":[{"name":"wp","href":"https:\/\/api.w.org\/{rel}","templated":true}]}}