{"id":34138,"date":"2025-01-29T11:31:48","date_gmt":"2025-01-29T14:31:48","guid":{"rendered":"https:\/\/mensagemdivina.com.br\/mensagemdivina\/o-pastor-andre-valadao-prega-a-biblia-analisamos-a-sua-pregacao\/"},"modified":"2025-01-29T11:31:48","modified_gmt":"2025-01-29T14:31:48","slug":"o-pastor-andre-valadao-prega-a-biblia-analisamos-a-sua-pregacao","status":"publish","type":"post","link":"https:\/\/mensagemdivina.com.br\/mensagemdivina\/o-pastor-andre-valadao-prega-a-biblia-analisamos-a-sua-pregacao\/","title":{"rendered":"O PASTOR ANDR\u00c9 VALAD\u00c3O PREGA a B\u00cdBLIA? &#8211; ANALISAMOS a SUA PREGA\u00c7\u00c3O."},"content":{"rendered":"<p><iframe loading=\"lazy\"  width=\"580\" height=\"385\" src=\"https:\/\/www.youtube.com\/embed\/q4bAxnSThJw?autoplay=1\" frameborder=\"0\" allowfullscreen><\/iframe><br \/>\n<br \/>Quem sou eu? Eu sou o Caio Modesto, presbiteriano e apaixonado por teologia. Este canal tem como prop\u00f3sito explorar temas &#8230;<br \/>\n<br \/><a href=\"[https:\/\/mensagemdivina.com.br\/]\">Mensagem Divina<\/a><\/p>\n","protected":false},"excerpt":{"rendered":"<p>Quem sou eu? Eu sou o Caio Modesto, presbiteriano e apaixonado por teologia. Este canal tem como prop\u00f3sito explorar temas &#8230; Mensagem Divina<\/p>\n","protected":false},"author":1,"featured_media":34139,"comment_status":"open","ping_status":"open","sticky":false,"template":"","format":"standard","meta":{"footnotes":""},"categories":[5954],"tags":[6359,47763,47766,47764,47762,47761,130,8593,83,963,326,7746,47769,82,423,5176,21701,8126,221,47760,15478,47767,47765,47768,46637,220],"class_list":["post-34138","post","type-post","status-publish","format-standard","has-post-thumbnail","hentry","category-ana-paula-valadao","tag-andre-valadao","tag-andre-valadao-cristao","tag-andre-valadao-e-a-igreja-adventista","tag-andre-valadao-e-rodrigo-silva","tag-andre-valadao-leitao","tag-andre-valadao-pregacao-lei","tag-biblia","tag-cantor-andre-valadao","tag-deus","tag-fe","tag-igreja","tag-igreja-lagoinha","tag-igreja-lagoinha-usa","tag-jesus","tag-mensagem","tag-oracao-do-salmo-91","tag-oracao-forte-salmo-91","tag-pastor-andre-valadao","tag-pregacao","tag-pregacao-do-andre-valadao","tag-pregacao-pentecostal","tag-resposta-do-rodrigo-silva","tag-rodrigo-silva-e-andre-valadao","tag-salmo-23-oracao","tag-salmo-91-forte-oracao","tag-sermao"],"aioseo_notices":[],"_links":{"self":[{"href":"https:\/\/mensagemdivina.com.br\/mensagemdivina\/wp-json\/wp\/v2\/posts\/34138","targetHints":{"allow":["GET"]}}],"collection":[{"href":"https:\/\/mensagemdivina.com.br\/mensagemdivina\/wp-json\/wp\/v2\/posts"}],"about":[{"href":"https:\/\/mensagemdivina.com.br\/mensagemdivina\/wp-json\/wp\/v2\/types\/post"}],"author":[{"embeddable":true,"href":"https:\/\/mensagemdivina.com.br\/mensagemdivina\/wp-json\/wp\/v2\/users\/1"}],"replies":[{"embeddable":true,"href":"https:\/\/mensagemdivina.com.br\/mensagemdivina\/wp-json\/wp\/v2\/comments?post=34138"}],"version-history":[{"count":0,"href":"https:\/\/mensagemdivina.com.br\/mensagemdivina\/wp-json\/wp\/v2\/posts\/34138\/revisions"}],"wp:featuredmedia":[{"embeddable":true,"href":"https:\/\/mensagemdivina.com.br\/mensagemdivina\/wp-json\/wp\/v2\/media\/34139"}],"wp:attachment":[{"href":"https:\/\/mensagemdivina.com.br\/mensagemdivina\/wp-json\/wp\/v2\/media?parent=34138"}],"wp:term":[{"taxonomy":"category","embeddable":true,"href":"https:\/\/mensagemdivina.com.br\/mensagemdivina\/wp-json\/wp\/v2\/categories?post=34138"},{"taxonomy":"post_tag","embeddable":true,"href":"https:\/\/mensagemdivina.com.br\/mensagemdivina\/wp-json\/wp\/v2\/tags?post=34138"}],"curies":[{"name":"wp","href":"https:\/\/api.w.org\/{rel}","templated":true}]}}