{"id":34026,"date":"2025-01-26T07:42:45","date_gmt":"2025-01-26T10:42:45","guid":{"rendered":"https:\/\/mensagemdivina.com.br\/mensagemdivina\/mario-sergio-cortella-palestra-falando-sobre-capricho-inspiracao-e-motivacao-shorts-palestra\/"},"modified":"2025-01-26T07:42:45","modified_gmt":"2025-01-26T10:42:45","slug":"mario-sergio-cortella-palestra-falando-sobre-capricho-inspiracao-e-motivacao-shorts-palestra","status":"publish","type":"post","link":"https:\/\/mensagemdivina.com.br\/mensagemdivina\/mario-sergio-cortella-palestra-falando-sobre-capricho-inspiracao-e-motivacao-shorts-palestra\/","title":{"rendered":"M\u00e1rio Sergio Cortella Palestra falando sobre capricho . Inspira\u00e7\u00e3o e motiva\u00e7\u00e3o . #Shorts #palestra"},"content":{"rendered":"<p><iframe loading=\"lazy\"  width=\"580\" height=\"385\" src=\"https:\/\/www.youtube.com\/embed\/MnOYcVbY5SQ?autoplay=1\" frameborder=\"0\" allowfullscreen><\/iframe><br \/>\n<br \/>M\u00e1rio Sergio Cortella Palestra falando sobre capricho . Inspira\u00e7\u00e3o e motiva\u00e7\u00e3o.<br \/>\n<br \/><a href=\"[https:\/\/mensagemdivina.com.br\/]\">Mensagem Divina<\/a><\/p>\n","protected":false},"excerpt":{"rendered":"<p>M\u00e1rio Sergio Cortella Palestra falando sobre capricho . Inspira\u00e7\u00e3o e motiva\u00e7\u00e3o. Mensagem Divina<\/p>\n","protected":false},"author":1,"featured_media":34027,"comment_status":"open","ping_status":"open","sticky":false,"template":"","format":"standard","meta":{"footnotes":""},"categories":[5959],"tags":[12592,14151,47669,12593,12599,10537,17476,47668,35070,17525,12598,17522,17524,17529,35069,12594,17474],"class_list":["post-34026","post","type-post","status-publish","format-standard","has-post-thumbnail","hentry","category-deive-leonardo","tag-cortela","tag-cortella","tag-filosofo-mario-sergio-cortella","tag-mario","tag-mario-cortella-2019","tag-mario-sergio","tag-mario-sergio-cortella","tag-mario-sergio-cortella-2019","tag-mario-sergio-cortella-amor","tag-mario-sergio-cortella-bbb","tag-mario-sergio-cortella-carreira","tag-mario-sergio-cortella-etica","tag-mario-sergio-cortella-palestra","tag-mario-sergio-cortella-tempo","tag-mario-serio-cortella","tag-sergio","tag-sergio-cortella"],"aioseo_notices":[],"_links":{"self":[{"href":"https:\/\/mensagemdivina.com.br\/mensagemdivina\/wp-json\/wp\/v2\/posts\/34026","targetHints":{"allow":["GET"]}}],"collection":[{"href":"https:\/\/mensagemdivina.com.br\/mensagemdivina\/wp-json\/wp\/v2\/posts"}],"about":[{"href":"https:\/\/mensagemdivina.com.br\/mensagemdivina\/wp-json\/wp\/v2\/types\/post"}],"author":[{"embeddable":true,"href":"https:\/\/mensagemdivina.com.br\/mensagemdivina\/wp-json\/wp\/v2\/users\/1"}],"replies":[{"embeddable":true,"href":"https:\/\/mensagemdivina.com.br\/mensagemdivina\/wp-json\/wp\/v2\/comments?post=34026"}],"version-history":[{"count":0,"href":"https:\/\/mensagemdivina.com.br\/mensagemdivina\/wp-json\/wp\/v2\/posts\/34026\/revisions"}],"wp:featuredmedia":[{"embeddable":true,"href":"https:\/\/mensagemdivina.com.br\/mensagemdivina\/wp-json\/wp\/v2\/media\/34027"}],"wp:attachment":[{"href":"https:\/\/mensagemdivina.com.br\/mensagemdivina\/wp-json\/wp\/v2\/media?parent=34026"}],"wp:term":[{"taxonomy":"category","embeddable":true,"href":"https:\/\/mensagemdivina.com.br\/mensagemdivina\/wp-json\/wp\/v2\/categories?post=34026"},{"taxonomy":"post_tag","embeddable":true,"href":"https:\/\/mensagemdivina.com.br\/mensagemdivina\/wp-json\/wp\/v2\/tags?post=34026"}],"curies":[{"name":"wp","href":"https:\/\/api.w.org\/{rel}","templated":true}]}}