{"id":33504,"date":"2025-01-11T05:41:38","date_gmt":"2025-01-11T08:41:38","guid":{"rendered":"https:\/\/mensagemdivina.com.br\/mensagemdivina\/80-o-ator-eduardo-silva-o-bongo-do-castelo-ra-tim-bum-das-novelas-filmes-e-teatro\/"},"modified":"2025-01-11T05:41:38","modified_gmt":"2025-01-11T08:41:38","slug":"80-o-ator-eduardo-silva-o-bongo-do-castelo-ra-tim-bum-das-novelas-filmes-e-teatro","status":"publish","type":"post","link":"https:\/\/mensagemdivina.com.br\/mensagemdivina\/80-o-ator-eduardo-silva-o-bongo-do-castelo-ra-tim-bum-das-novelas-filmes-e-teatro\/","title":{"rendered":"#80 O ATOR EDUARDO SILVA- O BONG\u00d4 DO CASTELO RA-TIM-BUM, DAS NOVELAS, FILMES E TEATRO"},"content":{"rendered":"<p><iframe loading=\"lazy\"  width=\"580\" height=\"385\" src=\"https:\/\/www.youtube.com\/embed\/olLuUSz5J5A?autoplay=1\" frameborder=\"0\" allowfullscreen><\/iframe><br \/>\n<br \/>O ator Eduardo Silva \u00e9 nosso convidado no ep 80 do Podcast. Ele conta a sua hist\u00f3ria desde o in\u00edcio nos programas de televis\u00e3o, &#8230;<br \/>\n<br \/><a href=\"[https:\/\/mensagemdivina.com.br\/]\">Mensagem Divina<\/a><\/p>\n","protected":false},"excerpt":{"rendered":"<p>O ator Eduardo Silva \u00e9 nosso convidado no ep 80 do Podcast. Ele conta a sua hist\u00f3ria desde o in\u00edcio nos programas de televis\u00e3o, &#8230; Mensagem Divina<\/p>\n","protected":false},"author":1,"featured_media":33505,"comment_status":"open","ping_status":"open","sticky":false,"template":"","format":"standard","meta":{"footnotes":""},"categories":[5962],"tags":[2878,46945,7458,46941,9192,46943,46940,5078,39392,9290,9297,46944,12503,5156,10837,7206,46942,12505,11856],"class_list":["post-33504","post","type-post","status-publish","format-standard","has-post-thumbnail","hentry","category-josue-goncalves","tag-entrevista","tag-castelo-ra-tim-bum","tag-engracado","tag-evandro-santo","tag-flow-podcast","tag-gregorio-duvivier","tag-historia-em-movimento","tag-humor","tag-meme","tag-monark","tag-ouvir-podcast","tag-paulinho-serra","tag-paulo-gustavo","tag-podcast","tag-podpah","tag-primocast","tag-rabin","tag-tata-werneck","tag-venus-podcast"],"aioseo_notices":[],"_links":{"self":[{"href":"https:\/\/mensagemdivina.com.br\/mensagemdivina\/wp-json\/wp\/v2\/posts\/33504","targetHints":{"allow":["GET"]}}],"collection":[{"href":"https:\/\/mensagemdivina.com.br\/mensagemdivina\/wp-json\/wp\/v2\/posts"}],"about":[{"href":"https:\/\/mensagemdivina.com.br\/mensagemdivina\/wp-json\/wp\/v2\/types\/post"}],"author":[{"embeddable":true,"href":"https:\/\/mensagemdivina.com.br\/mensagemdivina\/wp-json\/wp\/v2\/users\/1"}],"replies":[{"embeddable":true,"href":"https:\/\/mensagemdivina.com.br\/mensagemdivina\/wp-json\/wp\/v2\/comments?post=33504"}],"version-history":[{"count":0,"href":"https:\/\/mensagemdivina.com.br\/mensagemdivina\/wp-json\/wp\/v2\/posts\/33504\/revisions"}],"wp:featuredmedia":[{"embeddable":true,"href":"https:\/\/mensagemdivina.com.br\/mensagemdivina\/wp-json\/wp\/v2\/media\/33505"}],"wp:attachment":[{"href":"https:\/\/mensagemdivina.com.br\/mensagemdivina\/wp-json\/wp\/v2\/media?parent=33504"}],"wp:term":[{"taxonomy":"category","embeddable":true,"href":"https:\/\/mensagemdivina.com.br\/mensagemdivina\/wp-json\/wp\/v2\/categories?post=33504"},{"taxonomy":"post_tag","embeddable":true,"href":"https:\/\/mensagemdivina.com.br\/mensagemdivina\/wp-json\/wp\/v2\/tags?post=33504"}],"curies":[{"name":"wp","href":"https:\/\/api.w.org\/{rel}","templated":true}]}}