{"id":32360,"date":"2024-12-09T00:23:17","date_gmt":"2024-12-09T03:23:17","guid":{"rendered":"https:\/\/mensagemdivina.com.br\/mensagemdivina\/porque-essa-geracao-so-treina-o-corpo-pr-lucinho-barreto\/"},"modified":"2024-12-09T00:23:17","modified_gmt":"2024-12-09T03:23:17","slug":"porque-essa-geracao-so-treina-o-corpo-pr-lucinho-barreto","status":"publish","type":"post","link":"https:\/\/mensagemdivina.com.br\/mensagemdivina\/porque-essa-geracao-so-treina-o-corpo-pr-lucinho-barreto\/","title":{"rendered":"Porque essa gera\u00e7\u00e3o s\u00f3 treina o corpo | Pr. Lucinho Barreto"},"content":{"rendered":"<p><iframe loading=\"lazy\"  width=\"580\" height=\"385\" src=\"https:\/\/www.youtube.com\/embed\/_Brlx3GcCFI?autoplay=1\" frameborder=\"0\" allowfullscreen><\/iframe><br \/>\n<br \/>CAMISETA &#8220;AMARCURA&#8221;: https:\/\/bit.ly\/3I1RBaP LIVRO &#8220;AME COMO SE NUNCA TIVESSE SIDO FERIDO&#8221;: &#8230;<br \/>\n<br \/><a href=\"[https:\/\/mensagemdivina.com.br\/]\">Mensagem Divina<\/a><\/p>\n","protected":false},"excerpt":{"rendered":"<p>CAMISETA &#8220;AMARCURA&#8221;: https:\/\/bit.ly\/3I1RBaP LIVRO &#8220;AME COMO SE NUNCA TIVESSE SIDO FERIDO&#8221;: &#8230; Mensagem Divina<\/p>\n","protected":false},"author":1,"featured_media":32361,"comment_status":"open","ping_status":"open","sticky":false,"template":"","format":"standard","meta":{"footnotes":""},"categories":[5964],"tags":[6359,6251,213,135,77,25902,45285,2751,164,4682,4683,2732,7304,7744,6321,4687,4681,857,366,4679,4680,4684,4688,6450,25903,7252,7250,221],"class_list":["post-32360","post","type-post","status-publish","format-standard","has-post-thumbnail","hentry","category-lucinho-barreto","tag-andre-valadao","tag-batista-da-lagoinha","tag-cristianismo","tag-devocional","tag-gospel","tag-gospel-2023","tag-ibl-lagoinha","tag-igreja-batista-da-lagoinha","tag-jesus-cristo","tag-jesus-freak","tag-juventude-lagoinha","tag-lagoinha","tag-lagoinha-ibl","tag-lagoinhaibl","tag-lucinho","tag-lucinho-comenta","tag-lucio-barreto-jr","tag-palavra","tag-palavra-de-deus","tag-pastor-lucinho","tag-pastor-lucinho-barreto","tag-patricia-barreto","tag-pr-lucinho","tag-pr-lucinho-pregacao","tag-pr-lucinho-2023","tag-pr-lucinho-lagoinha","tag-pr-lucinho-palavra","tag-pregacao"],"aioseo_notices":[],"_links":{"self":[{"href":"https:\/\/mensagemdivina.com.br\/mensagemdivina\/wp-json\/wp\/v2\/posts\/32360","targetHints":{"allow":["GET"]}}],"collection":[{"href":"https:\/\/mensagemdivina.com.br\/mensagemdivina\/wp-json\/wp\/v2\/posts"}],"about":[{"href":"https:\/\/mensagemdivina.com.br\/mensagemdivina\/wp-json\/wp\/v2\/types\/post"}],"author":[{"embeddable":true,"href":"https:\/\/mensagemdivina.com.br\/mensagemdivina\/wp-json\/wp\/v2\/users\/1"}],"replies":[{"embeddable":true,"href":"https:\/\/mensagemdivina.com.br\/mensagemdivina\/wp-json\/wp\/v2\/comments?post=32360"}],"version-history":[{"count":0,"href":"https:\/\/mensagemdivina.com.br\/mensagemdivina\/wp-json\/wp\/v2\/posts\/32360\/revisions"}],"wp:featuredmedia":[{"embeddable":true,"href":"https:\/\/mensagemdivina.com.br\/mensagemdivina\/wp-json\/wp\/v2\/media\/32361"}],"wp:attachment":[{"href":"https:\/\/mensagemdivina.com.br\/mensagemdivina\/wp-json\/wp\/v2\/media?parent=32360"}],"wp:term":[{"taxonomy":"category","embeddable":true,"href":"https:\/\/mensagemdivina.com.br\/mensagemdivina\/wp-json\/wp\/v2\/categories?post=32360"},{"taxonomy":"post_tag","embeddable":true,"href":"https:\/\/mensagemdivina.com.br\/mensagemdivina\/wp-json\/wp\/v2\/tags?post=32360"}],"curies":[{"name":"wp","href":"https:\/\/api.w.org\/{rel}","templated":true}]}}