{"id":28062,"date":"2024-08-06T11:20:33","date_gmt":"2024-08-06T14:20:33","guid":{"rendered":"https:\/\/mensagemdivina.com.br\/mensagemdivina\/justica-e-causas-das-aflicoes-palestra-espirita-com-elizabeth-badin-live-no-059\/"},"modified":"2024-08-06T11:20:33","modified_gmt":"2024-08-06T14:20:33","slug":"justica-e-causas-das-aflicoes-palestra-espirita-com-elizabeth-badin-live-no-059","status":"publish","type":"post","link":"https:\/\/mensagemdivina.com.br\/mensagemdivina\/justica-e-causas-das-aflicoes-palestra-espirita-com-elizabeth-badin-live-no-059\/","title":{"rendered":"JUSTI\u00c7A E CAUSAS DAS AFLI\u00c7\u00d5ES &#8211; Palestra esp\u00edrita com Elizabeth Badin &#8211; LIVE N\u00ba 059"},"content":{"rendered":"<p><iframe loading=\"lazy\"  width=\"580\" height=\"385\" src=\"https:\/\/www.youtube.com\/embed\/cN8BsKERPKA?autoplay=1\" frameborder=\"0\" allowfullscreen><\/iframe><br \/>\n<br \/>Exposi\u00e7\u00e3o de estudo doutrin\u00e1rio a luz da Doutrina Esp\u00edrita com o tema &#8220;COMO VIVER A BOA NOVA&#8221; Com Cledson Nascimento.<br \/>\n<br \/><a href=\"[https:\/\/mensagemdivina.com.br\/]\">Mensagem Divina<\/a><\/p>\n","protected":false},"excerpt":{"rendered":"<p>Exposi\u00e7\u00e3o de estudo doutrin\u00e1rio a luz da Doutrina Esp\u00edrita com o tema &#8220;COMO VIVER A BOA NOVA&#8221; Com Cledson Nascimento. Mensagem Divina<\/p>\n","protected":false},"author":1,"featured_media":28063,"comment_status":"open","ping_status":"open","sticky":false,"template":"","format":"standard","meta":{"footnotes":""},"categories":[5961],"tags":[39808,15147,3339,39805,11534,8990,39810,6691,39809,39806,6690,29445,9345,6709,39807],"class_list":["post-28062","post","type-post","status-publish","format-standard","has-post-thumbnail","hentry","category-eduardo-reis","tag-39808","tag-angra-dos-reis","tag-caminho","tag-caminho-verdade-e-vida","tag-codificacao-espirita","tag-doutrina-espirita","tag-em-permanente-sintonia","tag-espiritismo","tag-fidelidade-a-doutrina","tag-gecvv","tag-kardec","tag-livro-dos-espiritos","tag-palestra-espirita","tag-reencarnacao","tag-sofrendo"],"aioseo_notices":[],"_links":{"self":[{"href":"https:\/\/mensagemdivina.com.br\/mensagemdivina\/wp-json\/wp\/v2\/posts\/28062","targetHints":{"allow":["GET"]}}],"collection":[{"href":"https:\/\/mensagemdivina.com.br\/mensagemdivina\/wp-json\/wp\/v2\/posts"}],"about":[{"href":"https:\/\/mensagemdivina.com.br\/mensagemdivina\/wp-json\/wp\/v2\/types\/post"}],"author":[{"embeddable":true,"href":"https:\/\/mensagemdivina.com.br\/mensagemdivina\/wp-json\/wp\/v2\/users\/1"}],"replies":[{"embeddable":true,"href":"https:\/\/mensagemdivina.com.br\/mensagemdivina\/wp-json\/wp\/v2\/comments?post=28062"}],"version-history":[{"count":0,"href":"https:\/\/mensagemdivina.com.br\/mensagemdivina\/wp-json\/wp\/v2\/posts\/28062\/revisions"}],"wp:featuredmedia":[{"embeddable":true,"href":"https:\/\/mensagemdivina.com.br\/mensagemdivina\/wp-json\/wp\/v2\/media\/28063"}],"wp:attachment":[{"href":"https:\/\/mensagemdivina.com.br\/mensagemdivina\/wp-json\/wp\/v2\/media?parent=28062"}],"wp:term":[{"taxonomy":"category","embeddable":true,"href":"https:\/\/mensagemdivina.com.br\/mensagemdivina\/wp-json\/wp\/v2\/categories?post=28062"},{"taxonomy":"post_tag","embeddable":true,"href":"https:\/\/mensagemdivina.com.br\/mensagemdivina\/wp-json\/wp\/v2\/tags?post=28062"}],"curies":[{"name":"wp","href":"https:\/\/api.w.org\/{rel}","templated":true}]}}