{"id":27222,"date":"2024-07-12T03:47:50","date_gmt":"2024-07-12T06:47:50","guid":{"rendered":"https:\/\/mensagemdivina.com.br\/mensagemdivina\/palavra-de-deus-deus-abencoe-e-proteja-o-seu-relacionamento-mt-527-32-ir-maria-raquel-14-06\/"},"modified":"2024-07-12T03:47:50","modified_gmt":"2024-07-12T06:47:50","slug":"palavra-de-deus-deus-abencoe-e-proteja-o-seu-relacionamento-mt-527-32-ir-maria-raquel-14-06","status":"publish","type":"post","link":"https:\/\/mensagemdivina.com.br\/mensagemdivina\/palavra-de-deus-deus-abencoe-e-proteja-o-seu-relacionamento-mt-527-32-ir-maria-raquel-14-06\/","title":{"rendered":"Palavra de Deus | Deus aben\u00e7oe e proteja o seu relacionamento (Mt 5,27-32) Ir. Maria Raquel 14\/06"},"content":{"rendered":"<p><iframe loading=\"lazy\"  width=\"580\" height=\"385\" src=\"https:\/\/www.youtube.com\/embed\/2jNLo5NP_sE?autoplay=1\" frameborder=\"0\" allowfullscreen><\/iframe><br \/>\n<br \/>Medita\u00e7\u00e3o da Palavra de Deus com a Ir. Maria Raquel do Instituto Hesed #1019 Descubra como a fidelidade e a prote\u00e7\u00e3o divina &#8230;<br \/>\n<br \/><a href=\"[https:\/\/mensagemdivina.com.br\/]\">Mensagem Divina<\/a><\/p>\n","protected":false},"excerpt":{"rendered":"<p>Medita\u00e7\u00e3o da Palavra de Deus com a Ir. Maria Raquel do Instituto Hesed #1019 Descubra como a fidelidade e a prote\u00e7\u00e3o divina &#8230; Mensagem Divina<\/p>\n","protected":false},"author":1,"featured_media":27223,"comment_status":"open","ping_status":"open","sticky":false,"template":"","format":"standard","meta":{"footnotes":""},"categories":[5960],"tags":[39355,232,1376,1375,34785,12543,34788,39361,39356,39358,3910,2609,39360,39363,366,39359,39357,5105,39362],"class_list":["post-27222","post","type-post","status-publish","format-standard","has-post-thumbnail","hentry","category-tiago-brunet","tag-deus-abencoe-e-proteja-o-seu-relacionamento","tag-evangelho","tag-evangelho-de-hoje","tag-evangelho-do-dia","tag-hesed","tag-instituto-hesed","tag-ir-maria-raquel","tag-ir-ma-raquel","tag-irma-maria-raquel","tag-irma-raquel-evangelho-do-dia","tag-lectio-divina","tag-meditacao-biblica","tag-meditacao-da-palavra","tag-meditacao-diaria-da-palavra-de-deus","tag-palavra-de-deus","tag-palavra-de-deus-com-irma-maria-raquel","tag-palavra-de-deus-instituto-hesed-hoje","tag-palavra-de-deus-para-hoje","tag-sagrada-escritura"],"aioseo_notices":[],"_links":{"self":[{"href":"https:\/\/mensagemdivina.com.br\/mensagemdivina\/wp-json\/wp\/v2\/posts\/27222","targetHints":{"allow":["GET"]}}],"collection":[{"href":"https:\/\/mensagemdivina.com.br\/mensagemdivina\/wp-json\/wp\/v2\/posts"}],"about":[{"href":"https:\/\/mensagemdivina.com.br\/mensagemdivina\/wp-json\/wp\/v2\/types\/post"}],"author":[{"embeddable":true,"href":"https:\/\/mensagemdivina.com.br\/mensagemdivina\/wp-json\/wp\/v2\/users\/1"}],"replies":[{"embeddable":true,"href":"https:\/\/mensagemdivina.com.br\/mensagemdivina\/wp-json\/wp\/v2\/comments?post=27222"}],"version-history":[{"count":0,"href":"https:\/\/mensagemdivina.com.br\/mensagemdivina\/wp-json\/wp\/v2\/posts\/27222\/revisions"}],"wp:featuredmedia":[{"embeddable":true,"href":"https:\/\/mensagemdivina.com.br\/mensagemdivina\/wp-json\/wp\/v2\/media\/27223"}],"wp:attachment":[{"href":"https:\/\/mensagemdivina.com.br\/mensagemdivina\/wp-json\/wp\/v2\/media?parent=27222"}],"wp:term":[{"taxonomy":"category","embeddable":true,"href":"https:\/\/mensagemdivina.com.br\/mensagemdivina\/wp-json\/wp\/v2\/categories?post=27222"},{"taxonomy":"post_tag","embeddable":true,"href":"https:\/\/mensagemdivina.com.br\/mensagemdivina\/wp-json\/wp\/v2\/tags?post=27222"}],"curies":[{"name":"wp","href":"https:\/\/api.w.org\/{rel}","templated":true}]}}