{"id":25820,"date":"2024-06-01T13:28:38","date_gmt":"2024-06-01T16:28:38","guid":{"rendered":"https:\/\/mensagemdivina.com.br\/mensagemdivina\/palestra-com-o-dr-ivan-izquierdo-na-ufrgs-clinicadeneurogeriatria\/"},"modified":"2024-06-01T13:28:38","modified_gmt":"2024-06-01T16:28:38","slug":"palestra-com-o-dr-ivan-izquierdo-na-ufrgs-clinicadeneurogeriatria","status":"publish","type":"post","link":"https:\/\/mensagemdivina.com.br\/mensagemdivina\/palestra-com-o-dr-ivan-izquierdo-na-ufrgs-clinicadeneurogeriatria\/","title":{"rendered":"Palestra com o Dr. Ivan Izquierdo na UFRGS #clinicadeneurogeriatria"},"content":{"rendered":"<p><iframe loading=\"lazy\"  width=\"580\" height=\"385\" src=\"https:\/\/www.youtube.com\/embed\/po5bI-mtExA?autoplay=1\" frameborder=\"0\" allowfullscreen><\/iframe><br \/>\n<br \/>Apresenta\u00e7\u00e3o do Dr. Ivan Izquierdo com o tema &#8220;Consolida\u00e7\u00e3o da mem\u00f3ria: nossa contribui\u00e7\u00e3o&#8221;. Centro de Mem\u00f3ria, InsCer, &#8230;<br \/>\n<br \/><a href=\"[https:\/\/mensagemdivina.com.br\/]\">Mensagem Divina<\/a><\/p>\n","protected":false},"excerpt":{"rendered":"<p>Apresenta\u00e7\u00e3o do Dr. Ivan Izquierdo com o tema &#8220;Consolida\u00e7\u00e3o da mem\u00f3ria: nossa contribui\u00e7\u00e3o&#8221;. Centro de Mem\u00f3ria, InsCer, &#8230; Mensagem Divina<\/p>\n","protected":false},"author":1,"featured_media":25821,"comment_status":"open","ping_status":"open","sticky":false,"template":"","format":"standard","meta":{"footnotes":""},"categories":[5963],"tags":[37652,37651,37658,37659,37649,37662,37661,37650,37656,37654,37660,37657,37653,37655,26455],"class_list":["post-25820","post","type-post","status-publish","format-standard","has-post-thumbnail","hentry","category-nelson-junior","tag-centrodememoria","tag-cerebro","tag-clinicadeneurogeriatria","tag-consolidacaodamemoria","tag-envelhecimento","tag-evocacaomemoria","tag-extincaomemoria","tag-geriatria","tag-institutonacionaldeneurociencia","tag-ivanizquierdo","tag-linguagemcerebral","tag-mecanismomolecular","tag-pucrs","tag-ufrgs","tag-memoria"],"aioseo_notices":[],"_links":{"self":[{"href":"https:\/\/mensagemdivina.com.br\/mensagemdivina\/wp-json\/wp\/v2\/posts\/25820","targetHints":{"allow":["GET"]}}],"collection":[{"href":"https:\/\/mensagemdivina.com.br\/mensagemdivina\/wp-json\/wp\/v2\/posts"}],"about":[{"href":"https:\/\/mensagemdivina.com.br\/mensagemdivina\/wp-json\/wp\/v2\/types\/post"}],"author":[{"embeddable":true,"href":"https:\/\/mensagemdivina.com.br\/mensagemdivina\/wp-json\/wp\/v2\/users\/1"}],"replies":[{"embeddable":true,"href":"https:\/\/mensagemdivina.com.br\/mensagemdivina\/wp-json\/wp\/v2\/comments?post=25820"}],"version-history":[{"count":0,"href":"https:\/\/mensagemdivina.com.br\/mensagemdivina\/wp-json\/wp\/v2\/posts\/25820\/revisions"}],"wp:featuredmedia":[{"embeddable":true,"href":"https:\/\/mensagemdivina.com.br\/mensagemdivina\/wp-json\/wp\/v2\/media\/25821"}],"wp:attachment":[{"href":"https:\/\/mensagemdivina.com.br\/mensagemdivina\/wp-json\/wp\/v2\/media?parent=25820"}],"wp:term":[{"taxonomy":"category","embeddable":true,"href":"https:\/\/mensagemdivina.com.br\/mensagemdivina\/wp-json\/wp\/v2\/categories?post=25820"},{"taxonomy":"post_tag","embeddable":true,"href":"https:\/\/mensagemdivina.com.br\/mensagemdivina\/wp-json\/wp\/v2\/tags?post=25820"}],"curies":[{"name":"wp","href":"https:\/\/api.w.org\/{rel}","templated":true}]}}