{"id":24396,"date":"2024-04-21T06:52:34","date_gmt":"2024-04-21T09:52:34","guid":{"rendered":"https:\/\/mensagemdivina.com.br\/mensagemdivina\/roda-de-conversa-com-israel-batista-eduardo-marinho-frei-david-e-edu-moreira-23-08-as-20h\/"},"modified":"2024-04-21T06:52:34","modified_gmt":"2024-04-21T09:52:34","slug":"roda-de-conversa-com-israel-batista-eduardo-marinho-frei-david-e-edu-moreira-23-08-as-20h","status":"publish","type":"post","link":"https:\/\/mensagemdivina.com.br\/mensagemdivina\/roda-de-conversa-com-israel-batista-eduardo-marinho-frei-david-e-edu-moreira-23-08-as-20h\/","title":{"rendered":"Roda de Conversa com Israel Batista, Eduardo Marinho, Frei David e Edu Moreira &#8211; 23\/08 \u00e0s 20h"},"content":{"rendered":"<p><iframe loading=\"lazy\"  width=\"580\" height=\"385\" src=\"https:\/\/www.youtube.com\/embed\/W82YLLO193w?autoplay=1\" frameborder=\"0\" allowfullscreen><\/iframe><br \/>\n<br \/>Israel Batista (PV-DF) \u00e9 Deputado Federal, professor e presidente das frentes Parlamentar Mista da Educa\u00e7\u00e3o e Mista em Defesa &#8230;<br \/>\n<br \/><a href=\"[https:\/\/mensagemdivina.com.br\/]\">Mensagem Divina<\/a><\/p>\n","protected":false},"excerpt":{"rendered":"<p>Israel Batista (PV-DF) \u00e9 Deputado Federal, professor e presidente das frentes Parlamentar Mista da Educa\u00e7\u00e3o e Mista em Defesa &#8230; Mensagem Divina<\/p>\n","protected":false},"author":1,"featured_media":24397,"comment_status":"open","ping_status":"open","sticky":false,"template":"","format":"standard","meta":{"footnotes":""},"categories":[5961],"tags":[36019,36020,36018,36025,36026,36027,11369,28270,444,11355,36023,36017,11368,36022,36021,36024,36016,835],"class_list":["post-24396","post","type-post","status-publish","format-standard","has-post-thumbnail","hentry","category-eduardo-reis","tag-a-religiao-e-o-proximo","tag-as-igrejas-na-pandemia","tag-assuntos-sobre-espiritualidade","tag-como-a-espiritualidade-conversa-com-a-filosofia","tag-como-sera-nossa-vida-pos-pandemia","tag-deputado-federal-israel-batista","tag-eduardo-marinho","tag-eduardo-moreira","tag-espiritualidade","tag-espiritualidade-na-acao","tag-falando-sobre-vida","tag-filofosia","tag-frei-david","tag-live-sobre-espiritualidade","tag-o-que-e-graca","tag-roberto-marinho","tag-roda-de-conversa","tag-vida"],"aioseo_notices":[],"_links":{"self":[{"href":"https:\/\/mensagemdivina.com.br\/mensagemdivina\/wp-json\/wp\/v2\/posts\/24396","targetHints":{"allow":["GET"]}}],"collection":[{"href":"https:\/\/mensagemdivina.com.br\/mensagemdivina\/wp-json\/wp\/v2\/posts"}],"about":[{"href":"https:\/\/mensagemdivina.com.br\/mensagemdivina\/wp-json\/wp\/v2\/types\/post"}],"author":[{"embeddable":true,"href":"https:\/\/mensagemdivina.com.br\/mensagemdivina\/wp-json\/wp\/v2\/users\/1"}],"replies":[{"embeddable":true,"href":"https:\/\/mensagemdivina.com.br\/mensagemdivina\/wp-json\/wp\/v2\/comments?post=24396"}],"version-history":[{"count":0,"href":"https:\/\/mensagemdivina.com.br\/mensagemdivina\/wp-json\/wp\/v2\/posts\/24396\/revisions"}],"wp:featuredmedia":[{"embeddable":true,"href":"https:\/\/mensagemdivina.com.br\/mensagemdivina\/wp-json\/wp\/v2\/media\/24397"}],"wp:attachment":[{"href":"https:\/\/mensagemdivina.com.br\/mensagemdivina\/wp-json\/wp\/v2\/media?parent=24396"}],"wp:term":[{"taxonomy":"category","embeddable":true,"href":"https:\/\/mensagemdivina.com.br\/mensagemdivina\/wp-json\/wp\/v2\/categories?post=24396"},{"taxonomy":"post_tag","embeddable":true,"href":"https:\/\/mensagemdivina.com.br\/mensagemdivina\/wp-json\/wp\/v2\/tags?post=24396"}],"curies":[{"name":"wp","href":"https:\/\/api.w.org\/{rel}","templated":true}]}}