{"id":23552,"date":"2024-03-27T17:04:21","date_gmt":"2024-03-27T20:04:21","guid":{"rendered":"https:\/\/mensagemdivina.com.br\/mensagemdivina\/como-receber-bencao-de-deus-l-oracao-forte-da-manha-l-pastor-iasd\/"},"modified":"2024-03-27T17:04:21","modified_gmt":"2024-03-27T20:04:21","slug":"como-receber-bencao-de-deus-l-oracao-forte-da-manha-l-pastor-iasd","status":"publish","type":"post","link":"https:\/\/mensagemdivina.com.br\/mensagemdivina\/como-receber-bencao-de-deus-l-oracao-forte-da-manha-l-pastor-iasd\/","title":{"rendered":"Como Receber Ben\u00e7\u00e3o de Deus? l Ora\u00e7\u00e3o Forte da Manh\u00e3 l Pastor IASD"},"content":{"rendered":"<p><iframe loading=\"lazy\"  width=\"580\" height=\"385\" src=\"https:\/\/www.youtube.com\/embed\/HtZpz4JK6HU?autoplay=1\" frameborder=\"0\" allowfullscreen><\/iframe><br \/>\n<br \/>Receba nossos v\u00eddeos por Whatsapp &#8211; https:\/\/chat.whatsapp.com\/Bhz8dnYYuxU3izve37tiIY Receba nossos v\u00eddeos por Telegram &#8230;<br \/>\n<br \/><a href=\"[https:\/\/mensagemdivina.com.br\/]\">Mensagem Divina<\/a><\/p>\n","protected":false},"excerpt":{"rendered":"<p>Receba nossos v\u00eddeos por Whatsapp &#8211; https:\/\/chat.whatsapp.com\/Bhz8dnYYuxU3izve37tiIY Receba nossos v\u00eddeos por Telegram &#8230; Mensagem Divina<\/p>\n","protected":false},"author":1,"featured_media":23553,"comment_status":"open","ping_status":"open","sticky":false,"template":"","format":"standard","meta":{"footnotes":""},"categories":[5959],"tags":[124,1595,24438,35093,6024,83,2017,8575,2022,12486,15189,2670,6424,23968,160,4053,6982,9257,162,4055,5114,6986,366,2263,1839,1838,22008,662,221,1760,35094],"class_list":["post-23552","post","type-post","status-publish","format-standard","has-post-thumbnail","hentry","category-deive-leonardo","tag-adventista","tag-adventistas","tag-bom-dia-mensagem","tag-culto-iasd","tag-deive-leonardo","tag-deus","tag-iasd","tag-licao","tag-licoes","tag-mensagem-de-boa-noite","tag-mensagem-de-bom-dia","tag-mensagem-de-deus","tag-mensagem-do-dia","tag-momento-de-oracao","tag-oracao","tag-oracao-da-manha","tag-oracao-da-manha-de-hoje","tag-oracao-de-fe","tag-oracao-de-hoje","tag-oracao-do-dia","tag-oracao-forte","tag-oracao-poderosa","tag-palavra-de-deus","tag-palavra-de-deus-hoje","tag-palavra-de-hoje","tag-palavra-do-dia","tag-palavra-do-dia-de-hoje","tag-pastor","tag-pregacao","tag-pregacao-evangelica","tag-salmo-91-catolico"],"aioseo_notices":[],"_links":{"self":[{"href":"https:\/\/mensagemdivina.com.br\/mensagemdivina\/wp-json\/wp\/v2\/posts\/23552","targetHints":{"allow":["GET"]}}],"collection":[{"href":"https:\/\/mensagemdivina.com.br\/mensagemdivina\/wp-json\/wp\/v2\/posts"}],"about":[{"href":"https:\/\/mensagemdivina.com.br\/mensagemdivina\/wp-json\/wp\/v2\/types\/post"}],"author":[{"embeddable":true,"href":"https:\/\/mensagemdivina.com.br\/mensagemdivina\/wp-json\/wp\/v2\/users\/1"}],"replies":[{"embeddable":true,"href":"https:\/\/mensagemdivina.com.br\/mensagemdivina\/wp-json\/wp\/v2\/comments?post=23552"}],"version-history":[{"count":0,"href":"https:\/\/mensagemdivina.com.br\/mensagemdivina\/wp-json\/wp\/v2\/posts\/23552\/revisions"}],"wp:featuredmedia":[{"embeddable":true,"href":"https:\/\/mensagemdivina.com.br\/mensagemdivina\/wp-json\/wp\/v2\/media\/23553"}],"wp:attachment":[{"href":"https:\/\/mensagemdivina.com.br\/mensagemdivina\/wp-json\/wp\/v2\/media?parent=23552"}],"wp:term":[{"taxonomy":"category","embeddable":true,"href":"https:\/\/mensagemdivina.com.br\/mensagemdivina\/wp-json\/wp\/v2\/categories?post=23552"},{"taxonomy":"post_tag","embeddable":true,"href":"https:\/\/mensagemdivina.com.br\/mensagemdivina\/wp-json\/wp\/v2\/tags?post=23552"}],"curies":[{"name":"wp","href":"https:\/\/api.w.org\/{rel}","templated":true}]}}