{"id":22808,"date":"2024-03-06T06:03:42","date_gmt":"2024-03-06T09:03:42","guid":{"rendered":"https:\/\/mensagemdivina.com.br\/mensagemdivina\/anos-90-ana-paula-e-andre-valadao-bem-vindo-a-familia-kings-kids\/"},"modified":"2024-03-06T06:03:42","modified_gmt":"2024-03-06T09:03:42","slug":"anos-90-ana-paula-e-andre-valadao-bem-vindo-a-familia-kings-kids","status":"publish","type":"post","link":"https:\/\/mensagemdivina.com.br\/mensagemdivina\/anos-90-ana-paula-e-andre-valadao-bem-vindo-a-familia-kings-kids\/","title":{"rendered":"Anos 90 || Ana Paula e Andr\u00e9 Valad\u00e3o || Bem Vindo a Fam\u00edlia || Kings Kids"},"content":{"rendered":"<p><iframe loading=\"lazy\"  width=\"580\" height=\"385\" src=\"https:\/\/www.youtube.com\/embed\/eVxKN16Xgvc?autoplay=1\" frameborder=\"0\" allowfullscreen><\/iframe><br \/>\n<br \/>AnaPaulaAndr\u00e9Valad\u00e3o #BemVindoAFam\u00edlia #KingsKids Nos Anos 90 os Irm\u00e3os Valad\u00e3o, Ana 13 anos e Andr\u00e9 11, participaram &#8230;<br \/>\n<br \/><a href=\"[https:\/\/mensagemdivina.com.br\/]\">Mensagem Divina<\/a><\/p>\n","protected":false},"excerpt":{"rendered":"<p>AnaPaulaAndr\u00e9Valad\u00e3o #BemVindoAFam\u00edlia #KingsKids Nos Anos 90 os Irm\u00e3os Valad\u00e3o, Ana 13 anos e Andr\u00e9 11, participaram &#8230; Mensagem Divina<\/p>\n","protected":false},"author":1,"featured_media":22809,"comment_status":"open","ping_status":"open","sticky":false,"template":"","format":"standard","meta":{"footnotes":""},"categories":[5954],"tags":[10368,33827,4088,33826,33829,102,20308,33832,33828,8165,6118,6359,14461,33830,861,13239,33831,14460,1168,2672,1911,1604,88,11381,83,7590,6122,5924,6596,953,329,326,33825,82,33823,33824,2732,11382,11380,662,1094,7591,7392],"class_list":["post-22808","post","type-post","status-publish","format-standard","has-post-thumbnail","hentry","category-ana-paula-valadao","tag-10368","tag-11-anos","tag-4088","tag-13-anos","tag-33829","tag-102","tag-20308","tag-a-familia","tag-a-turma-do-rei","tag-ana-paula","tag-ana-paula-valadao","tag-andre-valadao","tag-anos","tag-anos-90","tag-batista","tag-belo-horizonte","tag-bem-vindo","tag-bh","tag-br","tag-brasil","tag-brazil","tag-criancas","tag-da","tag-deko","tag-deus","tag-diante","tag-diante-do-trono","tag-do","tag-dt","tag-espirito-santo","tag-evangelismo","tag-igreja","tag-irmaos-valadao","tag-jesus","tag-kings-kids","tag-kk","tag-lagoinha","tag-marcio","tag-mg","tag-pastor","tag-pr","tag-trono","tag-valadao"],"aioseo_notices":[],"_links":{"self":[{"href":"https:\/\/mensagemdivina.com.br\/mensagemdivina\/wp-json\/wp\/v2\/posts\/22808","targetHints":{"allow":["GET"]}}],"collection":[{"href":"https:\/\/mensagemdivina.com.br\/mensagemdivina\/wp-json\/wp\/v2\/posts"}],"about":[{"href":"https:\/\/mensagemdivina.com.br\/mensagemdivina\/wp-json\/wp\/v2\/types\/post"}],"author":[{"embeddable":true,"href":"https:\/\/mensagemdivina.com.br\/mensagemdivina\/wp-json\/wp\/v2\/users\/1"}],"replies":[{"embeddable":true,"href":"https:\/\/mensagemdivina.com.br\/mensagemdivina\/wp-json\/wp\/v2\/comments?post=22808"}],"version-history":[{"count":0,"href":"https:\/\/mensagemdivina.com.br\/mensagemdivina\/wp-json\/wp\/v2\/posts\/22808\/revisions"}],"wp:featuredmedia":[{"embeddable":true,"href":"https:\/\/mensagemdivina.com.br\/mensagemdivina\/wp-json\/wp\/v2\/media\/22809"}],"wp:attachment":[{"href":"https:\/\/mensagemdivina.com.br\/mensagemdivina\/wp-json\/wp\/v2\/media?parent=22808"}],"wp:term":[{"taxonomy":"category","embeddable":true,"href":"https:\/\/mensagemdivina.com.br\/mensagemdivina\/wp-json\/wp\/v2\/categories?post=22808"},{"taxonomy":"post_tag","embeddable":true,"href":"https:\/\/mensagemdivina.com.br\/mensagemdivina\/wp-json\/wp\/v2\/tags?post=22808"}],"curies":[{"name":"wp","href":"https:\/\/api.w.org\/{rel}","templated":true}]}}