{"id":22274,"date":"2024-01-29T19:18:07","date_gmt":"2024-01-29T22:18:07","guid":{"rendered":"https:\/\/mensagemdivina.com.br\/mensagemdivina\/pr-douglas-camargo-propague-as-acoes-de-jesus-lagoinha-alphaville\/"},"modified":"2024-01-29T19:18:07","modified_gmt":"2024-01-29T22:18:07","slug":"pr-douglas-camargo-propague-as-acoes-de-jesus-lagoinha-alphaville","status":"publish","type":"post","link":"https:\/\/mensagemdivina.com.br\/mensagemdivina\/pr-douglas-camargo-propague-as-acoes-de-jesus-lagoinha-alphaville\/","title":{"rendered":"PR DOUGLAS CAMARGO &#8211; PROPAGUE AS A\u00c7\u00d5ES DE JESUS | LAGOINHA ALPHAVILLE"},"content":{"rendered":"<p><iframe loading=\"lazy\"  width=\"580\" height=\"385\" src=\"https:\/\/www.youtube.com\/embed\/vIAxcuZ5tKE?autoplay=1\" frameborder=\"0\" allowfullscreen><\/iframe><br \/>\n<br \/>Somos a Igreja Batista da Lagoinha Alphaville. Nos reunimos: CULTO FLAME &#8211; Ter\u00e7a-feira \u00e0s 20h CULTO F\u00c9 &#8211; Quinta-feira &#8230;<br \/>\n<br \/><a href=\"[https:\/\/mensagemdivina.com.br\/]\">Mensagem Divina<\/a><\/p>\n","protected":false},"excerpt":{"rendered":"<p>Somos a Igreja Batista da Lagoinha Alphaville. Nos reunimos: CULTO FLAME &#8211; Ter\u00e7a-feira \u00e0s 20h CULTO F\u00c9 &#8211; Quinta-feira &#8230; Mensagem Divina<\/p>\n","protected":false},"author":1,"featured_media":22275,"comment_status":"open","ping_status":"open","sticky":false,"template":"","format":"standard","meta":{"footnotes":""},"categories":[5964],"tags":[8125,4180,6359,6251,8124,16843,83,8121,8123,2751,8122,2732,8120,7747,6364,8130,8129,8131,366,8128,8126,33041],"class_list":["post-22274","post","type-post","status-publish","format-standard","has-post-thumbnail","hentry","category-lucinho-barreto","tag-alphaville-lagoinha","tag-andre","tag-andre-valadao","tag-batista-da-lagoinha","tag-culto-celebracao-lagoinha","tag-culto-fe","tag-deus","tag-ibllpha3","tag-ibla","tag-igreja-batista-da-lagoinha","tag-igreja-batista-da-lagoinha-alpha","tag-lagoinha","tag-lagoinha-alphaville","tag-lagoinha-ao-vivo","tag-lagoinha-church","tag-lagoinhaalphaville","tag-legacy","tag-musica-da-lagoinha-alphaville","tag-palavra-de-deus","tag-pastor-andre","tag-pastor-andre-valadao","tag-pr-eduardo-oliveira"],"aioseo_notices":[],"_links":{"self":[{"href":"https:\/\/mensagemdivina.com.br\/mensagemdivina\/wp-json\/wp\/v2\/posts\/22274","targetHints":{"allow":["GET"]}}],"collection":[{"href":"https:\/\/mensagemdivina.com.br\/mensagemdivina\/wp-json\/wp\/v2\/posts"}],"about":[{"href":"https:\/\/mensagemdivina.com.br\/mensagemdivina\/wp-json\/wp\/v2\/types\/post"}],"author":[{"embeddable":true,"href":"https:\/\/mensagemdivina.com.br\/mensagemdivina\/wp-json\/wp\/v2\/users\/1"}],"replies":[{"embeddable":true,"href":"https:\/\/mensagemdivina.com.br\/mensagemdivina\/wp-json\/wp\/v2\/comments?post=22274"}],"version-history":[{"count":0,"href":"https:\/\/mensagemdivina.com.br\/mensagemdivina\/wp-json\/wp\/v2\/posts\/22274\/revisions"}],"wp:featuredmedia":[{"embeddable":true,"href":"https:\/\/mensagemdivina.com.br\/mensagemdivina\/wp-json\/wp\/v2\/media\/22275"}],"wp:attachment":[{"href":"https:\/\/mensagemdivina.com.br\/mensagemdivina\/wp-json\/wp\/v2\/media?parent=22274"}],"wp:term":[{"taxonomy":"category","embeddable":true,"href":"https:\/\/mensagemdivina.com.br\/mensagemdivina\/wp-json\/wp\/v2\/categories?post=22274"},{"taxonomy":"post_tag","embeddable":true,"href":"https:\/\/mensagemdivina.com.br\/mensagemdivina\/wp-json\/wp\/v2\/tags?post=22274"}],"curies":[{"name":"wp","href":"https:\/\/api.w.org\/{rel}","templated":true}]}}