{"id":21519,"date":"2024-01-08T00:00:55","date_gmt":"2024-01-08T03:00:55","guid":{"rendered":"https:\/\/mensagemdivina.com.br\/mensagemdivina\/voce-e-limitado-serie-coaches-pastor-rodrigo-mocellin\/"},"modified":"2024-01-08T00:00:55","modified_gmt":"2024-01-08T03:00:55","slug":"voce-e-limitado-serie-coaches-pastor-rodrigo-mocellin","status":"publish","type":"post","link":"https:\/\/mensagemdivina.com.br\/mensagemdivina\/voce-e-limitado-serie-coaches-pastor-rodrigo-mocellin\/","title":{"rendered":"Voc\u00ea \u00e9 limitado (S\u00e9rie Coaches) | Pastor Rodrigo Mocellin"},"content":{"rendered":"<p><iframe loading=\"lazy\"  width=\"580\" height=\"385\" src=\"https:\/\/www.youtube.com\/embed\/1tENzpHgzWs?autoplay=1\" frameborder=\"0\" allowfullscreen><\/iframe><br \/>\n<br \/>Os coaches s\u00e3o um fen\u00f4meno, mas eles s\u00e3o anticrist\u00e3os. &#8211; &#8211; Minha livraria: https:\/\/livrariadorodrigo.com.br\/ &#8211; &#8211; Viagem para Israel.<br \/>\n<br \/><a href=\"[https:\/\/mensagemdivina.com.br\/]\">Mensagem Divina<\/a><\/p>\n","protected":false},"excerpt":{"rendered":"<p>Os coaches s\u00e3o um fen\u00f4meno, mas eles s\u00e3o anticrist\u00e3os. &#8211; &#8211; Minha livraria: https:\/\/livrariadorodrigo.com.br\/ &#8211; &#8211; Viagem para Israel. Mensagem Divina<\/p>\n","protected":false},"author":1,"featured_media":21520,"comment_status":"open","ping_status":"open","sticky":false,"template":"","format":"standard","meta":{"footnotes":""},"categories":[5960],"tags":[841,5904,31949,16119,83,10816,953,10815,232,5704,326,82,423,16120,4053,5114,8731,724,16118,6514,2990,11638,1208],"class_list":["post-21519","post","type-post","status-publish","format-standard","has-post-thumbnail","hentry","category-tiago-brunet","tag-calvinismo","tag-coach","tag-coaches","tag-conservadorismo","tag-deus","tag-direita","tag-espirito-santo","tag-esquerda","tag-evangelho","tag-feminismo","tag-igreja","tag-jesus","tag-mensagem","tag-mensagem-evamgelica","tag-oracao-da-manha","tag-oracao-forte","tag-pablo-marcal","tag-pastor-de-igreja","tag-pastor-rodrigo-mocellin","tag-paulo-vieira","tag-reformado","tag-socialismo","tag-tiago-brunet"],"aioseo_notices":[],"_links":{"self":[{"href":"https:\/\/mensagemdivina.com.br\/mensagemdivina\/wp-json\/wp\/v2\/posts\/21519","targetHints":{"allow":["GET"]}}],"collection":[{"href":"https:\/\/mensagemdivina.com.br\/mensagemdivina\/wp-json\/wp\/v2\/posts"}],"about":[{"href":"https:\/\/mensagemdivina.com.br\/mensagemdivina\/wp-json\/wp\/v2\/types\/post"}],"author":[{"embeddable":true,"href":"https:\/\/mensagemdivina.com.br\/mensagemdivina\/wp-json\/wp\/v2\/users\/1"}],"replies":[{"embeddable":true,"href":"https:\/\/mensagemdivina.com.br\/mensagemdivina\/wp-json\/wp\/v2\/comments?post=21519"}],"version-history":[{"count":0,"href":"https:\/\/mensagemdivina.com.br\/mensagemdivina\/wp-json\/wp\/v2\/posts\/21519\/revisions"}],"wp:featuredmedia":[{"embeddable":true,"href":"https:\/\/mensagemdivina.com.br\/mensagemdivina\/wp-json\/wp\/v2\/media\/21520"}],"wp:attachment":[{"href":"https:\/\/mensagemdivina.com.br\/mensagemdivina\/wp-json\/wp\/v2\/media?parent=21519"}],"wp:term":[{"taxonomy":"category","embeddable":true,"href":"https:\/\/mensagemdivina.com.br\/mensagemdivina\/wp-json\/wp\/v2\/categories?post=21519"},{"taxonomy":"post_tag","embeddable":true,"href":"https:\/\/mensagemdivina.com.br\/mensagemdivina\/wp-json\/wp\/v2\/tags?post=21519"}],"curies":[{"name":"wp","href":"https:\/\/api.w.org\/{rel}","templated":true}]}}