{"id":21125,"date":"2023-12-27T16:25:20","date_gmt":"2023-12-27T19:25:20","guid":{"rendered":"https:\/\/mensagemdivina.com.br\/mensagemdivina\/nikolas-ferreira-defende-andre-valadao-por-fala-contra-homossexualidade\/"},"modified":"2023-12-27T16:25:20","modified_gmt":"2023-12-27T19:25:20","slug":"nikolas-ferreira-defende-andre-valadao-por-fala-contra-homossexualidade","status":"publish","type":"post","link":"https:\/\/mensagemdivina.com.br\/mensagemdivina\/nikolas-ferreira-defende-andre-valadao-por-fala-contra-homossexualidade\/","title":{"rendered":"NIKOLAS FERREIRA DEFENDE ANDR\u00c9 VALAD\u00c3O POR FALA CONTRA HOMOSSEXUALIDADE"},"content":{"rendered":"<p><iframe loading=\"lazy\"  width=\"580\" height=\"385\" src=\"https:\/\/www.youtube.com\/embed\/uapD4KFCtaw?autoplay=1\" frameborder=\"0\" allowfullscreen><\/iframe><br \/>\n<br \/>O pastor Andr\u00e9 Valad\u00e3o, da Igreja Batista da Lagoinha, \u00e9 acusado de LGBTfobia por uma fala durante um culto nos EUA sobre &#8230;<br \/>\n<br \/><a href=\"[https:\/\/mensagemdivina.com.br\/]\">Mensagem Divina<\/a><\/p>\n","protected":false},"excerpt":{"rendered":"<p>O pastor Andr\u00e9 Valad\u00e3o, da Igreja Batista da Lagoinha, \u00e9 acusado de LGBTfobia por uma fala durante um culto nos EUA sobre &#8230; Mensagem Divina<\/p>\n","protected":false},"author":1,"featured_media":21126,"comment_status":"open","ping_status":"open","sticky":false,"template":"","format":"standard","meta":{"footnotes":""},"categories":[5958],"tags":[6359,31354,31351,26666,31353,31352,19011,28028,23393,5717,2751,22920,25224,22934,25225,25227,25226,19866,9092,8132,31073,662,8126,22921,31355],"class_list":["post-21125","post","type-post","status-publish","format-standard","has-post-thumbnail","hentry","category-silas-malafaia","tag-andre-valadao","tag-andre-valadao-fala-matar-lgbt","tag-andre-valadao-incita-matar-lgbt","tag-andre-valadao-lgbt","tag-andre-valadao-lgbtqia","tag-comunidade-lgbtqia","tag-crime","tag-deputado","tag-deputado-nikolas-ferreira","tag-homossexualidade","tag-igreja-batista-da-lagoinha","tag-itatiaia","tag-itatiaia-agora","tag-itatiaia-ao-vivo","tag-itatiaia-ao-vivo-agora","tag-itatiaia-ao-vivo-live","tag-itatiaia-ao-vivo-no-youtube","tag-lgbtqia","tag-nikolas","tag-nikolas-ferreira","tag-nikolas-ferreira-podcast","tag-pastor","tag-pastor-andre-valadao","tag-radio-itatiaia","tag-video-nikolas-ferreira"],"aioseo_notices":[],"_links":{"self":[{"href":"https:\/\/mensagemdivina.com.br\/mensagemdivina\/wp-json\/wp\/v2\/posts\/21125","targetHints":{"allow":["GET"]}}],"collection":[{"href":"https:\/\/mensagemdivina.com.br\/mensagemdivina\/wp-json\/wp\/v2\/posts"}],"about":[{"href":"https:\/\/mensagemdivina.com.br\/mensagemdivina\/wp-json\/wp\/v2\/types\/post"}],"author":[{"embeddable":true,"href":"https:\/\/mensagemdivina.com.br\/mensagemdivina\/wp-json\/wp\/v2\/users\/1"}],"replies":[{"embeddable":true,"href":"https:\/\/mensagemdivina.com.br\/mensagemdivina\/wp-json\/wp\/v2\/comments?post=21125"}],"version-history":[{"count":0,"href":"https:\/\/mensagemdivina.com.br\/mensagemdivina\/wp-json\/wp\/v2\/posts\/21125\/revisions"}],"wp:featuredmedia":[{"embeddable":true,"href":"https:\/\/mensagemdivina.com.br\/mensagemdivina\/wp-json\/wp\/v2\/media\/21126"}],"wp:attachment":[{"href":"https:\/\/mensagemdivina.com.br\/mensagemdivina\/wp-json\/wp\/v2\/media?parent=21125"}],"wp:term":[{"taxonomy":"category","embeddable":true,"href":"https:\/\/mensagemdivina.com.br\/mensagemdivina\/wp-json\/wp\/v2\/categories?post=21125"},{"taxonomy":"post_tag","embeddable":true,"href":"https:\/\/mensagemdivina.com.br\/mensagemdivina\/wp-json\/wp\/v2\/tags?post=21125"}],"curies":[{"name":"wp","href":"https:\/\/api.w.org\/{rel}","templated":true}]}}