{"id":21113,"date":"2023-12-27T07:18:04","date_gmt":"2023-12-27T10:18:04","guid":{"rendered":"https:\/\/mensagemdivina.com.br\/mensagemdivina\/a-geracao-que-deus-esta-levantando-victor-hugo-conferencia-destino-2022\/"},"modified":"2023-12-27T07:18:04","modified_gmt":"2023-12-27T10:18:04","slug":"a-geracao-que-deus-esta-levantando-victor-hugo-conferencia-destino-2022","status":"publish","type":"post","link":"https:\/\/mensagemdivina.com.br\/mensagemdivina\/a-geracao-que-deus-esta-levantando-victor-hugo-conferencia-destino-2022\/","title":{"rendered":"A gera\u00e7\u00e3o que Deus est\u00e1 levantando | Victor Hugo | Confer\u00eancia destino 2022"},"content":{"rendered":"<p><iframe loading=\"lazy\"  width=\"580\" height=\"385\" src=\"https:\/\/www.youtube.com\/embed\/ZZZnThKbrS0?autoplay=1\" frameborder=\"0\" allowfullscreen><\/iframe><br \/>\n<br \/>Deus est\u00e1 levantando uma gera\u00e7\u00e3o completamente improv\u00e1vel, mas que tem f\u00e9 e ama as escrituras. Mesmo que n\u00f3s n\u00e3o nos &#8230;<br \/>\n<br \/><a href=\"[https:\/\/mensagemdivina.com.br\/]\">Mensagem Divina<\/a><\/p>\n","protected":false},"excerpt":{"rendered":"<p>Deus est\u00e1 levantando uma gera\u00e7\u00e3o completamente improv\u00e1vel, mas que tem f\u00e9 e ama as escrituras. Mesmo que n\u00f3s n\u00e3o nos &#8230; Mensagem Divina<\/p>\n","protected":false},"author":1,"featured_media":21114,"comment_status":"open","ping_status":"open","sticky":false,"template":"","format":"standard","meta":{"footnotes":""},"categories":[5960],"tags":[6405,6428,6431,6433,6434,31328,77,31327,6483,6466,6432,3255,967,31329,3591,221,1208,6480,6430,6429,31326,5100],"class_list":["post-21113","post","type-post","status-publish","format-standard","has-post-thumbnail","hentry","category-tiago-brunet","tag-6405","tag-casa-de-destino","tag-casa-destino","tag-casa-do-destino","tag-conferencia-destino","tag-geracao-improvavel","tag-gospel","tag-ives-church","tag-jeova-nissi","tag-marcio-valadao","tag-mentoria-para-pastores-e-lideres","tag-moises","tag-palavra-profetica","tag-povo-do-deserto","tag-praise","tag-pregacao","tag-tiago-brunet","tag-tiago-brunet-2018","tag-tiago-brunet-capacidade","tag-tiago-brunet-trilho","tag-victor-hugo","tag-worship"],"aioseo_notices":[],"_links":{"self":[{"href":"https:\/\/mensagemdivina.com.br\/mensagemdivina\/wp-json\/wp\/v2\/posts\/21113","targetHints":{"allow":["GET"]}}],"collection":[{"href":"https:\/\/mensagemdivina.com.br\/mensagemdivina\/wp-json\/wp\/v2\/posts"}],"about":[{"href":"https:\/\/mensagemdivina.com.br\/mensagemdivina\/wp-json\/wp\/v2\/types\/post"}],"author":[{"embeddable":true,"href":"https:\/\/mensagemdivina.com.br\/mensagemdivina\/wp-json\/wp\/v2\/users\/1"}],"replies":[{"embeddable":true,"href":"https:\/\/mensagemdivina.com.br\/mensagemdivina\/wp-json\/wp\/v2\/comments?post=21113"}],"version-history":[{"count":0,"href":"https:\/\/mensagemdivina.com.br\/mensagemdivina\/wp-json\/wp\/v2\/posts\/21113\/revisions"}],"wp:featuredmedia":[{"embeddable":true,"href":"https:\/\/mensagemdivina.com.br\/mensagemdivina\/wp-json\/wp\/v2\/media\/21114"}],"wp:attachment":[{"href":"https:\/\/mensagemdivina.com.br\/mensagemdivina\/wp-json\/wp\/v2\/media?parent=21113"}],"wp:term":[{"taxonomy":"category","embeddable":true,"href":"https:\/\/mensagemdivina.com.br\/mensagemdivina\/wp-json\/wp\/v2\/categories?post=21113"},{"taxonomy":"post_tag","embeddable":true,"href":"https:\/\/mensagemdivina.com.br\/mensagemdivina\/wp-json\/wp\/v2\/tags?post=21113"}],"curies":[{"name":"wp","href":"https:\/\/api.w.org\/{rel}","templated":true}]}}