{"id":19556,"date":"2023-11-12T05:21:51","date_gmt":"2023-11-12T08:21:51","guid":{"rendered":"https:\/\/mensagemdivina.com.br\/mensagemdivina\/pr-andre-valadao-fala-sobre-pablo-marcal-como-presidente-do-brasil-e-diverge-do-pr-anderson-silva\/"},"modified":"2023-11-12T05:21:51","modified_gmt":"2023-11-12T08:21:51","slug":"pr-andre-valadao-fala-sobre-pablo-marcal-como-presidente-do-brasil-e-diverge-do-pr-anderson-silva","status":"publish","type":"post","link":"https:\/\/mensagemdivina.com.br\/mensagemdivina\/pr-andre-valadao-fala-sobre-pablo-marcal-como-presidente-do-brasil-e-diverge-do-pr-anderson-silva\/","title":{"rendered":"Pr Andr\u00e9 Valad\u00e3o fala sobre Pablo Mar\u00e7al como presidente do Brasil e diverge do pr Anderson Silva"},"content":{"rendered":"<p><iframe loading=\"lazy\"  width=\"580\" height=\"385\" src=\"https:\/\/www.youtube.com\/embed\/dbve0_8ZwMQ?autoplay=1\" frameborder=\"0\" allowfullscreen><\/iframe><br \/>\n<br \/>O pastor Andr\u00e9 Valad\u00e3o, famosos pelos anos que cantou no Minist\u00e9rio de Louvor Diante do Trono, ao lado de Ana Paula &#8230;<br \/>\n<br \/><a href=\"[https:\/\/mensagemdivina.com.br\/]\">Mensagem Divina<\/a><\/p>\n","protected":false},"excerpt":{"rendered":"<p>O pastor Andr\u00e9 Valad\u00e3o, famosos pelos anos que cantou no Minist\u00e9rio de Louvor Diante do Trono, ao lado de Ana Paula &#8230; Mensagem Divina<\/p>\n","protected":false},"author":1,"featured_media":19557,"comment_status":"open","ping_status":"open","sticky":false,"template":"","format":"standard","meta":{"footnotes":""},"categories":[5954],"tags":[6359,402,29201,8731,8732,9932,8126],"class_list":["post-19556","post","type-post","status-publish","format-standard","has-post-thumbnail","hentry","category-ana-paula-valadao","tag-andre-valadao","tag-claudio-duarte","tag-davia-quinlan","tag-pablo-marcal","tag-pablo-marcal-presidente","tag-pastor-anderson-silva","tag-pastor-andre-valadao"],"aioseo_notices":[],"_links":{"self":[{"href":"https:\/\/mensagemdivina.com.br\/mensagemdivina\/wp-json\/wp\/v2\/posts\/19556","targetHints":{"allow":["GET"]}}],"collection":[{"href":"https:\/\/mensagemdivina.com.br\/mensagemdivina\/wp-json\/wp\/v2\/posts"}],"about":[{"href":"https:\/\/mensagemdivina.com.br\/mensagemdivina\/wp-json\/wp\/v2\/types\/post"}],"author":[{"embeddable":true,"href":"https:\/\/mensagemdivina.com.br\/mensagemdivina\/wp-json\/wp\/v2\/users\/1"}],"replies":[{"embeddable":true,"href":"https:\/\/mensagemdivina.com.br\/mensagemdivina\/wp-json\/wp\/v2\/comments?post=19556"}],"version-history":[{"count":0,"href":"https:\/\/mensagemdivina.com.br\/mensagemdivina\/wp-json\/wp\/v2\/posts\/19556\/revisions"}],"wp:featuredmedia":[{"embeddable":true,"href":"https:\/\/mensagemdivina.com.br\/mensagemdivina\/wp-json\/wp\/v2\/media\/19557"}],"wp:attachment":[{"href":"https:\/\/mensagemdivina.com.br\/mensagemdivina\/wp-json\/wp\/v2\/media?parent=19556"}],"wp:term":[{"taxonomy":"category","embeddable":true,"href":"https:\/\/mensagemdivina.com.br\/mensagemdivina\/wp-json\/wp\/v2\/categories?post=19556"},{"taxonomy":"post_tag","embeddable":true,"href":"https:\/\/mensagemdivina.com.br\/mensagemdivina\/wp-json\/wp\/v2\/tags?post=19556"}],"curies":[{"name":"wp","href":"https:\/\/api.w.org\/{rel}","templated":true}]}}