{"id":18908,"date":"2023-10-24T10:02:11","date_gmt":"2023-10-24T13:02:11","guid":{"rendered":"https:\/\/mensagemdivina.com.br\/mensagemdivina\/oracao-do-dia-11-10-%f0%9f%91%91%f0%9f%99%8f%f0%9f%8f%bba-coroa-de-gloria-pr-antonio-cirilo\/"},"modified":"2023-10-24T10:02:11","modified_gmt":"2023-10-24T13:02:11","slug":"oracao-do-dia-11-10-%f0%9f%91%91%f0%9f%99%8f%f0%9f%8f%bba-coroa-de-gloria-pr-antonio-cirilo","status":"publish","type":"post","link":"https:\/\/mensagemdivina.com.br\/mensagemdivina\/oracao-do-dia-11-10-%f0%9f%91%91%f0%9f%99%8f%f0%9f%8f%bba-coroa-de-gloria-pr-antonio-cirilo\/","title":{"rendered":"ORA\u00c7\u00c3O DO DIA &#8211; 11\/10 \ud83d\udc51\ud83d\ude4f\ud83c\udffbA COROA DE GL\u00d3RIA  | PR. ANTONIO CIRILO"},"content":{"rendered":"<p><iframe loading=\"lazy\"  width=\"580\" height=\"385\" src=\"https:\/\/www.youtube.com\/embed\/iWFWFtHkH8s?autoplay=1\" frameborder=\"0\" allowfullscreen><\/iframe><br \/>\n<br \/>A COROA DE GL\u00d3RIA | PR. ANTONIO CIRILO DEIXE SEU PEDIDO DE ORA\u00c7\u00c3O NO COMENT\u00c1RIOS \u2764\ufe0f<br \/>\n<br \/><a href=\"[https:\/\/mensagemdivina.com.br\/]\">Mensagem Divina<\/a><\/p>\n","protected":false},"excerpt":{"rendered":"<p>A COROA DE GL\u00d3RIA | PR. ANTONIO CIRILO DEIXE SEU PEDIDO DE ORA\u00c7\u00c3O NO COMENT\u00c1RIOS \u2764\ufe0f Mensagem Divina<\/p>\n","protected":false},"author":1,"featured_media":18909,"comment_status":"open","ping_status":"open","sticky":false,"template":"","format":"standard","meta":{"footnotes":""},"categories":[5954],"tags":[22664,160,4053,6982,28301,28302,162,17214,4055,9253,5176,5114,26081,17219,17218,8761,6986,15938,17216,986,6983,28303],"class_list":["post-18908","post","type-post","status-publish","format-standard","has-post-thumbnail","hentry","category-ana-paula-valadao","tag-antonio-cirilo","tag-oracao","tag-oracao-da-manha","tag-oracao-da-manha-de-hoje","tag-oracao-da-manha-forte","tag-oracao-da-manha-forte-e-poderosa","tag-oracao-de-hoje","tag-oracao-de-hoje-de-manha","tag-oracao-do-dia","tag-oracao-do-pai-nosso","tag-oracao-do-salmo-91","tag-oracao-forte","tag-oracao-forte-da-manha","tag-oracao-forte-de-hoje","tag-oracao-forte-do-dia","tag-oracao-forte-e-poderosa","tag-oracao-poderosa","tag-oracao-poderosa-da-manha","tag-oracoes-da-manha","tag-pedido-de-oracao","tag-poderosa-oracao-da-manha","tag-pr-antonio-cirilo"],"aioseo_notices":[],"_links":{"self":[{"href":"https:\/\/mensagemdivina.com.br\/mensagemdivina\/wp-json\/wp\/v2\/posts\/18908","targetHints":{"allow":["GET"]}}],"collection":[{"href":"https:\/\/mensagemdivina.com.br\/mensagemdivina\/wp-json\/wp\/v2\/posts"}],"about":[{"href":"https:\/\/mensagemdivina.com.br\/mensagemdivina\/wp-json\/wp\/v2\/types\/post"}],"author":[{"embeddable":true,"href":"https:\/\/mensagemdivina.com.br\/mensagemdivina\/wp-json\/wp\/v2\/users\/1"}],"replies":[{"embeddable":true,"href":"https:\/\/mensagemdivina.com.br\/mensagemdivina\/wp-json\/wp\/v2\/comments?post=18908"}],"version-history":[{"count":0,"href":"https:\/\/mensagemdivina.com.br\/mensagemdivina\/wp-json\/wp\/v2\/posts\/18908\/revisions"}],"wp:featuredmedia":[{"embeddable":true,"href":"https:\/\/mensagemdivina.com.br\/mensagemdivina\/wp-json\/wp\/v2\/media\/18909"}],"wp:attachment":[{"href":"https:\/\/mensagemdivina.com.br\/mensagemdivina\/wp-json\/wp\/v2\/media?parent=18908"}],"wp:term":[{"taxonomy":"category","embeddable":true,"href":"https:\/\/mensagemdivina.com.br\/mensagemdivina\/wp-json\/wp\/v2\/categories?post=18908"},{"taxonomy":"post_tag","embeddable":true,"href":"https:\/\/mensagemdivina.com.br\/mensagemdivina\/wp-json\/wp\/v2\/tags?post=18908"}],"curies":[{"name":"wp","href":"https:\/\/api.w.org\/{rel}","templated":true}]}}