{"id":18058,"date":"2023-09-29T18:48:29","date_gmt":"2023-09-29T21:48:29","guid":{"rendered":"https:\/\/mensagemdivina.com.br\/mensagemdivina\/barbie-por-que-o-filme-nao-e-para-cristaos-pastor-rodrigo-mocellin\/"},"modified":"2023-09-29T18:48:29","modified_gmt":"2023-09-29T21:48:29","slug":"barbie-por-que-o-filme-nao-e-para-cristaos-pastor-rodrigo-mocellin","status":"publish","type":"post","link":"https:\/\/mensagemdivina.com.br\/mensagemdivina\/barbie-por-que-o-filme-nao-e-para-cristaos-pastor-rodrigo-mocellin\/","title":{"rendered":"Barbie: por que o filme n\u00e3o \u00e9 para crist\u00e3os? | Pastor Rodrigo Mocellin"},"content":{"rendered":"<p><iframe loading=\"lazy\"  width=\"580\" height=\"385\" src=\"https:\/\/www.youtube.com\/embed\/tXEBwgDELpw?autoplay=1\" frameborder=\"0\" allowfullscreen><\/iframe><br \/>\n<br \/>O Live-Action Barbie \u00e9 um fen\u00f4meno do cinema. Mas ele n\u00e3o \u00e9 para crist\u00e3o. &#8211; &#8211; Minha livraria: https:\/\/livrariadorodrigo.com.br\/ &#8230;<br \/>\n<br \/><a href=\"[https:\/\/mensagemdivina.com.br\/]\">Mensagem Divina<\/a><\/p>\n","protected":false},"excerpt":{"rendered":"<p>O Live-Action Barbie \u00e9 um fen\u00f4meno do cinema. Mas ele n\u00e3o \u00e9 para crist\u00e3o. &#8211; &#8211; Minha livraria: https:\/\/livrariadorodrigo.com.br\/ &#8230; Mensagem Divina<\/p>\n","protected":false},"author":1,"featured_media":18059,"comment_status":"open","ping_status":"open","sticky":false,"template":"","format":"standard","meta":{"footnotes":""},"categories":[5964],"tags":[27060,27062,27061,841,16119,83,10816,953,10815,232,5704,326,82,423,16120,4053,5114,724,16118,2990,11638],"class_list":["post-18058","post","type-post","status-publish","format-standard","has-post-thumbnail","hentry","category-lucinho-barreto","tag-barbie-cristaos","tag-barbie-critica","tag-barbie-e-bom","tag-calvinismo","tag-conservadorismo","tag-deus","tag-direita","tag-espirito-santo","tag-esquerda","tag-evangelho","tag-feminismo","tag-igreja","tag-jesus","tag-mensagem","tag-mensagem-evamgelica","tag-oracao-da-manha","tag-oracao-forte","tag-pastor-de-igreja","tag-pastor-rodrigo-mocellin","tag-reformado","tag-socialismo"],"aioseo_notices":[],"_links":{"self":[{"href":"https:\/\/mensagemdivina.com.br\/mensagemdivina\/wp-json\/wp\/v2\/posts\/18058","targetHints":{"allow":["GET"]}}],"collection":[{"href":"https:\/\/mensagemdivina.com.br\/mensagemdivina\/wp-json\/wp\/v2\/posts"}],"about":[{"href":"https:\/\/mensagemdivina.com.br\/mensagemdivina\/wp-json\/wp\/v2\/types\/post"}],"author":[{"embeddable":true,"href":"https:\/\/mensagemdivina.com.br\/mensagemdivina\/wp-json\/wp\/v2\/users\/1"}],"replies":[{"embeddable":true,"href":"https:\/\/mensagemdivina.com.br\/mensagemdivina\/wp-json\/wp\/v2\/comments?post=18058"}],"version-history":[{"count":0,"href":"https:\/\/mensagemdivina.com.br\/mensagemdivina\/wp-json\/wp\/v2\/posts\/18058\/revisions"}],"wp:featuredmedia":[{"embeddable":true,"href":"https:\/\/mensagemdivina.com.br\/mensagemdivina\/wp-json\/wp\/v2\/media\/18059"}],"wp:attachment":[{"href":"https:\/\/mensagemdivina.com.br\/mensagemdivina\/wp-json\/wp\/v2\/media?parent=18058"}],"wp:term":[{"taxonomy":"category","embeddable":true,"href":"https:\/\/mensagemdivina.com.br\/mensagemdivina\/wp-json\/wp\/v2\/categories?post=18058"},{"taxonomy":"post_tag","embeddable":true,"href":"https:\/\/mensagemdivina.com.br\/mensagemdivina\/wp-json\/wp\/v2\/tags?post=18058"}],"curies":[{"name":"wp","href":"https:\/\/api.w.org\/{rel}","templated":true}]}}