{"id":17199,"date":"2023-09-04T22:10:14","date_gmt":"2023-09-05T01:10:14","guid":{"rendered":"https:\/\/mensagemdivina.com.br\/mensagemdivina\/marcia-barros-i-consagracao-i-live02-i-cover\/"},"modified":"2023-09-04T22:10:14","modified_gmt":"2023-09-05T01:10:14","slug":"marcia-barros-i-consagracao-i-live02-i-cover","status":"publish","type":"post","link":"https:\/\/mensagemdivina.com.br\/mensagemdivina\/marcia-barros-i-consagracao-i-live02-i-cover\/","title":{"rendered":"M\u00c1RCIA BARROS I Consagra\u00e7\u00e3o I #Live02 I Cover"},"content":{"rendered":"<p><iframe loading=\"lazy\"  width=\"580\" height=\"385\" src=\"https:\/\/www.youtube.com\/embed\/F1H6q1evPV4?autoplay=1\" frameborder=\"0\" allowfullscreen><\/iframe><br \/>\n<br \/>Live02 I Fique em Casa e Cante Comigo M\u00fasica: Consagra\u00e7\u00e3o CD Piano e Voz [P\u00e9rolas do Gospel Vol.01] Artista: M\u00e1rcia Barros &#8230;<br \/>\n<br \/><a href=\"[https:\/\/mensagemdivina.com.br\/]\">Mensagem Divina<\/a><\/p>\n","protected":false},"excerpt":{"rendered":"<p>Live02 I Fique em Casa e Cante Comigo M\u00fasica: Consagra\u00e7\u00e3o CD Piano e Voz [P\u00e9rolas do Gospel Vol.01] Artista: M\u00e1rcia Barros &#8230; Mensagem Divina<\/p>\n","protected":false},"author":1,"featured_media":17200,"comment_status":"open","ping_status":"open","sticky":false,"template":"","format":"standard","meta":{"footnotes":""},"categories":[5956],"tags":[25860,5978,8485,2851,7734,7362,8897,8739,25863,7265,18988,25862,25074,25867,25866,5991,7348,15115,25865,25861,15110,10028,15535,25864,14135],"class_list":["post-17199","post","type-post","status-publish","format-standard","has-post-thumbnail","hentry","category-aline-barros","tag-securtircompartilhe","tag-aline-barros","tag-anderson-freire","tag-boasnovas","tag-bruna-karla","tag-cassiane","tag-consagracao","tag-eli-soares","tag-eshyla","tag-fernanda-brum","tag-gisele-nascimento","tag-gospel-tv","tag-kemilly-santos","tag-michelle-nascimento","tag-midiam-lima","tag-mk-music","tag-paulo-neto","tag-regis-danese","tag-regis-lopez","tag-rg-music-producoes","tag-rose-nascimento","tag-som-livre","tag-thalles-roberto","tag-tom-carfi","tag-voce-adora"],"aioseo_notices":[],"_links":{"self":[{"href":"https:\/\/mensagemdivina.com.br\/mensagemdivina\/wp-json\/wp\/v2\/posts\/17199","targetHints":{"allow":["GET"]}}],"collection":[{"href":"https:\/\/mensagemdivina.com.br\/mensagemdivina\/wp-json\/wp\/v2\/posts"}],"about":[{"href":"https:\/\/mensagemdivina.com.br\/mensagemdivina\/wp-json\/wp\/v2\/types\/post"}],"author":[{"embeddable":true,"href":"https:\/\/mensagemdivina.com.br\/mensagemdivina\/wp-json\/wp\/v2\/users\/1"}],"replies":[{"embeddable":true,"href":"https:\/\/mensagemdivina.com.br\/mensagemdivina\/wp-json\/wp\/v2\/comments?post=17199"}],"version-history":[{"count":0,"href":"https:\/\/mensagemdivina.com.br\/mensagemdivina\/wp-json\/wp\/v2\/posts\/17199\/revisions"}],"wp:featuredmedia":[{"embeddable":true,"href":"https:\/\/mensagemdivina.com.br\/mensagemdivina\/wp-json\/wp\/v2\/media\/17200"}],"wp:attachment":[{"href":"https:\/\/mensagemdivina.com.br\/mensagemdivina\/wp-json\/wp\/v2\/media?parent=17199"}],"wp:term":[{"taxonomy":"category","embeddable":true,"href":"https:\/\/mensagemdivina.com.br\/mensagemdivina\/wp-json\/wp\/v2\/categories?post=17199"},{"taxonomy":"post_tag","embeddable":true,"href":"https:\/\/mensagemdivina.com.br\/mensagemdivina\/wp-json\/wp\/v2\/tags?post=17199"}],"curies":[{"name":"wp","href":"https:\/\/api.w.org\/{rel}","templated":true}]}}