{"id":16993,"date":"2023-08-29T19:52:37","date_gmt":"2023-08-29T22:52:37","guid":{"rendered":"https:\/\/mensagemdivina.com.br\/mensagemdivina\/a-divisao-acaba-quando-a-igreja-comeca-pastor-jeiseriel\/"},"modified":"2023-08-29T19:52:37","modified_gmt":"2023-08-29T22:52:37","slug":"a-divisao-acaba-quando-a-igreja-comeca-pastor-jeiseriel","status":"publish","type":"post","link":"https:\/\/mensagemdivina.com.br\/mensagemdivina\/a-divisao-acaba-quando-a-igreja-comeca-pastor-jeiseriel\/","title":{"rendered":"A DIVIS\u00c3O ACABA QUANDO A IGREJA COME\u00c7A | Pastor Jeiseriel"},"content":{"rendered":"<p><iframe loading=\"lazy\"  width=\"580\" height=\"385\" src=\"https:\/\/www.youtube.com\/embed\/wsswUll9ITA?autoplay=1\" frameborder=\"0\" allowfullscreen><\/iframe><br \/>\n<br \/>Na prega\u00e7\u00e3o desse domingo demos continuidade ao tema A IGREJA IMPERFEITA, no livro de 1 Cor\u00edntios com uma palavra do &#8230;<br \/>\n<br \/><a href=\"[https:\/\/mensagemdivina.com.br\/]\">Mensagem Divina<\/a><\/p>\n","protected":false},"excerpt":{"rendered":"<p>Na prega\u00e7\u00e3o desse domingo demos continuidade ao tema A IGREJA IMPERFEITA, no livro de 1 Cor\u00edntios com uma palavra do &#8230; Mensagem Divina<\/p>\n","protected":false},"author":1,"featured_media":16994,"comment_status":"open","ping_status":"open","sticky":false,"template":"","format":"standard","meta":{"footnotes":""},"categories":[5964],"tags":[25573,213,83,5693,2949,326,2947,25574,25582,82,25575,25581,2945,2946,25576,25577,2948,25580,25584,25579,25578,25583,5695],"class_list":["post-16993","post","type-post","status-publish","format-standard","has-post-thumbnail","hentry","category-lucinho-barreto","tag-a-igreja-imperfeita","tag-cristianismo","tag-deus","tag-divisoes-na-igreja","tag-filipe-falcao","tag-igreja","tag-igreja-crista","tag-igreja-imperfeita","tag-igrejas-divididas","tag-jesus","tag-novo-tema-onda-dura","tag-o-que-e-unidade-da-igreja","tag-onda-dura","tag-onda-dura-joinville","tag-pastor-jeise","tag-pastor-jeiseriel-cunha","tag-pastor-lipao","tag-pregacao-sobre-unidade","tag-pregacoes-sobre-divisao-na-igreja","tag-tema-a-igreja-imperfeita","tag-tema-da-onda-dura","tag-unidade-crista","tag-unidade-da-igreja"],"aioseo_notices":[],"_links":{"self":[{"href":"https:\/\/mensagemdivina.com.br\/mensagemdivina\/wp-json\/wp\/v2\/posts\/16993","targetHints":{"allow":["GET"]}}],"collection":[{"href":"https:\/\/mensagemdivina.com.br\/mensagemdivina\/wp-json\/wp\/v2\/posts"}],"about":[{"href":"https:\/\/mensagemdivina.com.br\/mensagemdivina\/wp-json\/wp\/v2\/types\/post"}],"author":[{"embeddable":true,"href":"https:\/\/mensagemdivina.com.br\/mensagemdivina\/wp-json\/wp\/v2\/users\/1"}],"replies":[{"embeddable":true,"href":"https:\/\/mensagemdivina.com.br\/mensagemdivina\/wp-json\/wp\/v2\/comments?post=16993"}],"version-history":[{"count":0,"href":"https:\/\/mensagemdivina.com.br\/mensagemdivina\/wp-json\/wp\/v2\/posts\/16993\/revisions"}],"wp:featuredmedia":[{"embeddable":true,"href":"https:\/\/mensagemdivina.com.br\/mensagemdivina\/wp-json\/wp\/v2\/media\/16994"}],"wp:attachment":[{"href":"https:\/\/mensagemdivina.com.br\/mensagemdivina\/wp-json\/wp\/v2\/media?parent=16993"}],"wp:term":[{"taxonomy":"category","embeddable":true,"href":"https:\/\/mensagemdivina.com.br\/mensagemdivina\/wp-json\/wp\/v2\/categories?post=16993"},{"taxonomy":"post_tag","embeddable":true,"href":"https:\/\/mensagemdivina.com.br\/mensagemdivina\/wp-json\/wp\/v2\/tags?post=16993"}],"curies":[{"name":"wp","href":"https:\/\/api.w.org\/{rel}","templated":true}]}}