{"id":16035,"date":"2023-08-02T02:42:30","date_gmt":"2023-08-02T05:42:30","guid":{"rendered":"https:\/\/mensagemdivina.com.br\/mensagemdivina\/nao-seja-refem-dos-seus-traumas-ana-paula-valadao-entrevista-esly-carvalho\/"},"modified":"2023-08-02T02:42:30","modified_gmt":"2023-08-02T05:42:30","slug":"nao-seja-refem-dos-seus-traumas-ana-paula-valadao-entrevista-esly-carvalho","status":"publish","type":"post","link":"https:\/\/mensagemdivina.com.br\/mensagemdivina\/nao-seja-refem-dos-seus-traumas-ana-paula-valadao-entrevista-esly-carvalho\/","title":{"rendered":"N\u00e3o seja ref\u00e9m dos seus traumas: Ana Paula Valad\u00e3o entrevista Esly Carvalho"},"content":{"rendered":"<p><iframe loading=\"lazy\"  width=\"580\" height=\"385\" src=\"https:\/\/www.youtube.com\/embed\/lXjUDO3yIzQ?autoplay=1\" frameborder=\"0\" allowfullscreen><\/iframe><br \/>\n<br \/>Na noite de 16 de junho de 2021, Ana Paula Valad\u00e3o Bessa realizou uma live no Instagram com Esly Carvalho, fundadora da &#8230;<br \/>\n<br \/><a href=\"[https:\/\/mensagemdivina.com.br\/]\">Mensagem Divina<\/a><\/p>\n","protected":false},"excerpt":{"rendered":"<p>Na noite de 16 de junho de 2021, Ana Paula Valad\u00e3o Bessa realizou uma live no Instagram com Esly Carvalho, fundadora da &#8230; Mensagem Divina<\/p>\n","protected":false},"author":1,"featured_media":16036,"comment_status":"open","ping_status":"open","sticky":false,"template":"","format":"standard","meta":{"footnotes":""},"categories":[5954],"tags":[24154,24153,24155,24152,6118,3159,3744,6273,6122,9964,1874,1472,77,2751,2818,5109],"class_list":["post-16035","post","type-post","status-publish","format-standard","has-post-thumbnail","hentry","category-ana-paula-valadao","tag-emdr","tag-eslycarvalho","tag-fobia","tag-pracadoencontro","tag-ana-paula-valadao","tag-ansiedade","tag-cura","tag-depressao","tag-diante-do-trono","tag-esly-carvalho","tag-evangelica","tag-evangelico","tag-gospel","tag-igreja-batista-da-lagoinha","tag-libertacao","tag-trauma"],"aioseo_notices":[],"_links":{"self":[{"href":"https:\/\/mensagemdivina.com.br\/mensagemdivina\/wp-json\/wp\/v2\/posts\/16035","targetHints":{"allow":["GET"]}}],"collection":[{"href":"https:\/\/mensagemdivina.com.br\/mensagemdivina\/wp-json\/wp\/v2\/posts"}],"about":[{"href":"https:\/\/mensagemdivina.com.br\/mensagemdivina\/wp-json\/wp\/v2\/types\/post"}],"author":[{"embeddable":true,"href":"https:\/\/mensagemdivina.com.br\/mensagemdivina\/wp-json\/wp\/v2\/users\/1"}],"replies":[{"embeddable":true,"href":"https:\/\/mensagemdivina.com.br\/mensagemdivina\/wp-json\/wp\/v2\/comments?post=16035"}],"version-history":[{"count":0,"href":"https:\/\/mensagemdivina.com.br\/mensagemdivina\/wp-json\/wp\/v2\/posts\/16035\/revisions"}],"wp:featuredmedia":[{"embeddable":true,"href":"https:\/\/mensagemdivina.com.br\/mensagemdivina\/wp-json\/wp\/v2\/media\/16036"}],"wp:attachment":[{"href":"https:\/\/mensagemdivina.com.br\/mensagemdivina\/wp-json\/wp\/v2\/media?parent=16035"}],"wp:term":[{"taxonomy":"category","embeddable":true,"href":"https:\/\/mensagemdivina.com.br\/mensagemdivina\/wp-json\/wp\/v2\/categories?post=16035"},{"taxonomy":"post_tag","embeddable":true,"href":"https:\/\/mensagemdivina.com.br\/mensagemdivina\/wp-json\/wp\/v2\/tags?post=16035"}],"curies":[{"name":"wp","href":"https:\/\/api.w.org\/{rel}","templated":true}]}}