{"id":15941,"date":"2023-07-30T09:38:30","date_gmt":"2023-07-30T12:38:30","guid":{"rendered":"https:\/\/mensagemdivina.com.br\/mensagemdivina\/palestra-me-aquieto-entao-percebo-flavio-siqueira-em-sp\/"},"modified":"2023-07-30T09:38:30","modified_gmt":"2023-07-30T12:38:30","slug":"palestra-me-aquieto-entao-percebo-flavio-siqueira-em-sp","status":"publish","type":"post","link":"https:\/\/mensagemdivina.com.br\/mensagemdivina\/palestra-me-aquieto-entao-percebo-flavio-siqueira-em-sp\/","title":{"rendered":"PALESTRA: Me aquieto, ent\u00e3o percebo &#8211;  Flavio Siqueira em SP"},"content":{"rendered":"<p><iframe loading=\"lazy\"  width=\"580\" height=\"385\" src=\"https:\/\/www.youtube.com\/embed\/HvPsAkKrcXk?autoplay=1\" frameborder=\"0\" allowfullscreen><\/iframe><br \/>\n<br \/>Como seria a vida se enxerg\u00e1ssemos mais? Como os poderes constitu\u00eddos manteriam o dom\u00ednio sobre as mentes se nos &#8230;<br \/>\n<br \/><a href=\"[https:\/\/mensagemdivina.com.br\/]\">Mensagem Divina<\/a><\/p>\n","protected":false},"excerpt":{"rendered":"<p>Como seria a vida se enxerg\u00e1ssemos mais? Como os poderes constitu\u00eddos manteriam o dom\u00ednio sobre as mentes se nos &#8230; Mensagem Divina<\/p>\n","protected":false},"author":1,"featured_media":15942,"comment_status":"open","ping_status":"open","sticky":false,"template":"","format":"standard","meta":{"footnotes":""},"categories":[5957],"tags":[1009,6963,1983,23945,23939,2659,2079,444,23935,23934,12785,23933,8736,23944,9760,23943,23941,6077,6505,23942,7762,23936,4722,12783,15083,23940,13457,12344,6972,23937,8312,23938,9120],"class_list":["post-15941","post","type-post","status-publish","format-standard","has-post-thumbnail","hentry","category-ed-rene-kivitz","tag-aula","tag-auto-ajuda","tag-congresso","tag-consumismo","tag-crescimento-interior","tag-encontro","tag-esperanca","tag-espiritualidade","tag-filosofia-moderna","tag-filosofia-oriental","tag-filosofo","tag-flavio-siqueira","tag-horizonte","tag-livre-pensador","tag-mensagem-de-esperanca","tag-mensagem-de-paz","tag-mensagens-que-chegam-pela-manha","tag-mentoria","tag-palestra","tag-palestra-filosofia","tag-palestra-motivacional","tag-palestra-online","tag-pensamento","tag-professor","tag-revolucao","tag-satyam","tag-social","tag-sp","tag-superacao","tag-superar-o-medo","tag-universidade","tag-vencer-a-crise","tag-vencer-o-medo"],"aioseo_notices":[],"_links":{"self":[{"href":"https:\/\/mensagemdivina.com.br\/mensagemdivina\/wp-json\/wp\/v2\/posts\/15941","targetHints":{"allow":["GET"]}}],"collection":[{"href":"https:\/\/mensagemdivina.com.br\/mensagemdivina\/wp-json\/wp\/v2\/posts"}],"about":[{"href":"https:\/\/mensagemdivina.com.br\/mensagemdivina\/wp-json\/wp\/v2\/types\/post"}],"author":[{"embeddable":true,"href":"https:\/\/mensagemdivina.com.br\/mensagemdivina\/wp-json\/wp\/v2\/users\/1"}],"replies":[{"embeddable":true,"href":"https:\/\/mensagemdivina.com.br\/mensagemdivina\/wp-json\/wp\/v2\/comments?post=15941"}],"version-history":[{"count":0,"href":"https:\/\/mensagemdivina.com.br\/mensagemdivina\/wp-json\/wp\/v2\/posts\/15941\/revisions"}],"wp:featuredmedia":[{"embeddable":true,"href":"https:\/\/mensagemdivina.com.br\/mensagemdivina\/wp-json\/wp\/v2\/media\/15942"}],"wp:attachment":[{"href":"https:\/\/mensagemdivina.com.br\/mensagemdivina\/wp-json\/wp\/v2\/media?parent=15941"}],"wp:term":[{"taxonomy":"category","embeddable":true,"href":"https:\/\/mensagemdivina.com.br\/mensagemdivina\/wp-json\/wp\/v2\/categories?post=15941"},{"taxonomy":"post_tag","embeddable":true,"href":"https:\/\/mensagemdivina.com.br\/mensagemdivina\/wp-json\/wp\/v2\/tags?post=15941"}],"curies":[{"name":"wp","href":"https:\/\/api.w.org\/{rel}","templated":true}]}}