{"id":15793,"date":"2023-07-26T02:14:30","date_gmt":"2023-07-26T05:14:30","guid":{"rendered":"https:\/\/mensagemdivina.com.br\/mensagemdivina\/%f0%9f%94%b8so-quero-sua-alma-para-isso-pablo-marcal-motivacional-aovivo-pablomarcal-motivacao\/"},"modified":"2023-07-26T02:14:30","modified_gmt":"2023-07-26T05:14:30","slug":"%f0%9f%94%b8so-quero-sua-alma-para-isso-pablo-marcal-motivacional-aovivo-pablomarcal-motivacao","status":"publish","type":"post","link":"https:\/\/mensagemdivina.com.br\/mensagemdivina\/%f0%9f%94%b8so-quero-sua-alma-para-isso-pablo-marcal-motivacional-aovivo-pablomarcal-motivacao\/","title":{"rendered":"\ud83d\udd38S\u00d3 QUERO SUA ALMA PARA ISSO &#8211; PABLO MAR\u00c7AL #motivacional #aovivo #pablomarcal #motiva\u00e7ao"},"content":{"rendered":"<p><iframe loading=\"lazy\"  width=\"580\" height=\"385\" src=\"https:\/\/www.youtube.com\/embed\/w4nXMfzU8Rw?autoplay=1\" frameborder=\"0\" allowfullscreen><\/iframe><br \/>\n<br \/>PABLO MAR\u00c7AL MOTIVA\u00c7\u00c3O #pablomarcal #motivacional #pablomarcalaovivo Bem-vindo(a) ao canal de Motiva\u00e7\u00e3o &#8230;<br \/>\n<br \/><a href=\"[https:\/\/mensagemdivina.com.br\/]\">Mensagem Divina<\/a><\/p>\n","protected":false},"excerpt":{"rendered":"<p>PABLO MAR\u00c7AL MOTIVA\u00c7\u00c3O #pablomarcal #motivacional #pablomarcalaovivo Bem-vindo(a) ao canal de Motiva\u00e7\u00e3o &#8230; Mensagem Divina<\/p>\n","protected":false},"author":1,"featured_media":15794,"comment_status":"open","ping_status":"open","sticky":false,"template":"","format":"standard","meta":{"footnotes":""},"categories":[5959],"tags":[3240,23628,23631,23627,14876,12839,22756,2025,12484,8104,5899,21779,23623,23625,8731,10147,23626,5940,23624,23630,23622,838,17709,23629,5926],"class_list":["post-15793","post","type-post","status-publish","format-standard","has-post-thumbnail","hentry","category-deive-leonardo","tag-ao-vivo","tag-aprenda-a-destravar-sua-vida","tag-canal-pablo-marcal","tag-destrua-sua-vida","tag-historia-de-superacao","tag-marcal","tag-marcos-paulo","tag-motivacao","tag-motivacao-2022","tag-motivacao-para-vencer","tag-motivacional","tag-motivacional-2022","tag-novo-motivacional","tag-pablo-marca-2022","tag-pablo-marcal","tag-pablo-marcal-ao-vivo","tag-palestra-apablo-marcal","tag-palestra-motivacao","tag-palestra-motivacional-2022","tag-palestra-para-a-vida","tag-podcast-motivacao","tag-prosperidade","tag-rico","tag-vida-travada","tag-video-motivacional"],"aioseo_notices":[],"_links":{"self":[{"href":"https:\/\/mensagemdivina.com.br\/mensagemdivina\/wp-json\/wp\/v2\/posts\/15793","targetHints":{"allow":["GET"]}}],"collection":[{"href":"https:\/\/mensagemdivina.com.br\/mensagemdivina\/wp-json\/wp\/v2\/posts"}],"about":[{"href":"https:\/\/mensagemdivina.com.br\/mensagemdivina\/wp-json\/wp\/v2\/types\/post"}],"author":[{"embeddable":true,"href":"https:\/\/mensagemdivina.com.br\/mensagemdivina\/wp-json\/wp\/v2\/users\/1"}],"replies":[{"embeddable":true,"href":"https:\/\/mensagemdivina.com.br\/mensagemdivina\/wp-json\/wp\/v2\/comments?post=15793"}],"version-history":[{"count":0,"href":"https:\/\/mensagemdivina.com.br\/mensagemdivina\/wp-json\/wp\/v2\/posts\/15793\/revisions"}],"wp:featuredmedia":[{"embeddable":true,"href":"https:\/\/mensagemdivina.com.br\/mensagemdivina\/wp-json\/wp\/v2\/media\/15794"}],"wp:attachment":[{"href":"https:\/\/mensagemdivina.com.br\/mensagemdivina\/wp-json\/wp\/v2\/media?parent=15793"}],"wp:term":[{"taxonomy":"category","embeddable":true,"href":"https:\/\/mensagemdivina.com.br\/mensagemdivina\/wp-json\/wp\/v2\/categories?post=15793"},{"taxonomy":"post_tag","embeddable":true,"href":"https:\/\/mensagemdivina.com.br\/mensagemdivina\/wp-json\/wp\/v2\/tags?post=15793"}],"curies":[{"name":"wp","href":"https:\/\/api.w.org\/{rel}","templated":true}]}}