{"id":15763,"date":"2023-07-25T06:18:23","date_gmt":"2023-07-25T09:18:23","guid":{"rendered":"https:\/\/mensagemdivina.com.br\/mensagemdivina\/pablo-marcal-ao-vivo-24h-1-marketing-digital-3\/"},"modified":"2023-07-25T06:18:23","modified_gmt":"2023-07-25T09:18:23","slug":"pablo-marcal-ao-vivo-24h-1-marketing-digital-3","status":"publish","type":"post","link":"https:\/\/mensagemdivina.com.br\/mensagemdivina\/pablo-marcal-ao-vivo-24h-1-marketing-digital-3\/","title":{"rendered":"PABLO MAR\u00c7AL AO VIVO 24H &#8211; 1 &#8211; Marketing Digital"},"content":{"rendered":"<p><iframe loading=\"lazy\"  width=\"580\" height=\"385\" src=\"https:\/\/www.youtube.com\/embed\/Xxytlfz7uok?autoplay=1\" frameborder=\"0\" allowfullscreen><\/iframe><br \/>\n<br \/>N\u00c3O PARO!, ENQUANTO N\u00c3O FALAR DE JESUS CRISTO PARA O MUNDO, TODO!  COME\u00c7ANDO POR VC!  VEM!, VEM &#8230;<br \/>\n<br \/><a href=\"[https:\/\/mensagemdivina.com.br\/]\">Mensagem Divina<\/a><\/p>\n","protected":false},"excerpt":{"rendered":"<p>N\u00c3O PARO!, ENQUANTO N\u00c3O FALAR DE JESUS CRISTO PARA O MUNDO, TODO! COME\u00c7ANDO POR VC! VEM!, VEM &#8230; Mensagem Divina<\/p>\n","protected":false},"author":1,"featured_media":15764,"comment_status":"open","ping_status":"open","sticky":false,"template":"","format":"standard","meta":{"footnotes":""},"categories":[5958],"tags":[23470,23471,23469,23472,7213,206,23476,7200,8731,22058,23477,10147,22061,23474,23473,22056,23475,22060,23133,7718],"class_list":["post-15763","post","type-post","status-publish","format-standard","has-post-thumbnail","hentry","category-silas-malafaia","tag-459-pablo-marcal","tag-459-pablo-marcal-ao-vivo","tag-459-pablo-marcal-ao-vivo-hoje","tag-boot-pablo-marcal","tag-como-ganhar-dinheiro","tag-culto-ao-vivo","tag-culto-pablo-marcal","tag-marketing-digital","tag-pablo-marcal","tag-pablo-marcal-24-horas","tag-pablo-marcal-459","tag-pablo-marcal-ao-vivo","tag-pablo-marcal-ao-vivo-agora","tag-pablo-marcal-ao-vivo-hoje","tag-pablo-marcal-ao-vivo-youtube-hoje","tag-pablo-marcal-live","tag-pablo-marcal-marketing-digital","tag-pablo-marcal-palestra","tag-pablo-marcal-podcast","tag-silas-malafaia-pablo-marcal"],"aioseo_notices":[],"_links":{"self":[{"href":"https:\/\/mensagemdivina.com.br\/mensagemdivina\/wp-json\/wp\/v2\/posts\/15763","targetHints":{"allow":["GET"]}}],"collection":[{"href":"https:\/\/mensagemdivina.com.br\/mensagemdivina\/wp-json\/wp\/v2\/posts"}],"about":[{"href":"https:\/\/mensagemdivina.com.br\/mensagemdivina\/wp-json\/wp\/v2\/types\/post"}],"author":[{"embeddable":true,"href":"https:\/\/mensagemdivina.com.br\/mensagemdivina\/wp-json\/wp\/v2\/users\/1"}],"replies":[{"embeddable":true,"href":"https:\/\/mensagemdivina.com.br\/mensagemdivina\/wp-json\/wp\/v2\/comments?post=15763"}],"version-history":[{"count":0,"href":"https:\/\/mensagemdivina.com.br\/mensagemdivina\/wp-json\/wp\/v2\/posts\/15763\/revisions"}],"wp:featuredmedia":[{"embeddable":true,"href":"https:\/\/mensagemdivina.com.br\/mensagemdivina\/wp-json\/wp\/v2\/media\/15764"}],"wp:attachment":[{"href":"https:\/\/mensagemdivina.com.br\/mensagemdivina\/wp-json\/wp\/v2\/media?parent=15763"}],"wp:term":[{"taxonomy":"category","embeddable":true,"href":"https:\/\/mensagemdivina.com.br\/mensagemdivina\/wp-json\/wp\/v2\/categories?post=15763"},{"taxonomy":"post_tag","embeddable":true,"href":"https:\/\/mensagemdivina.com.br\/mensagemdivina\/wp-json\/wp\/v2\/tags?post=15763"}],"curies":[{"name":"wp","href":"https:\/\/api.w.org\/{rel}","templated":true}]}}