{"id":15233,"date":"2023-07-09T22:00:26","date_gmt":"2023-07-10T01:00:26","guid":{"rendered":"https:\/\/mensagemdivina.com.br\/mensagemdivina\/felicidade-no-lar-salmos-1281-6-08-03-2020-profetizando-vida\/"},"modified":"2023-07-09T22:00:26","modified_gmt":"2023-07-10T01:00:26","slug":"felicidade-no-lar-salmos-1281-6-08-03-2020-profetizando-vida","status":"publish","type":"post","link":"https:\/\/mensagemdivina.com.br\/mensagemdivina\/felicidade-no-lar-salmos-1281-6-08-03-2020-profetizando-vida\/","title":{"rendered":"Felicidade no lar &#8211; Salmos 128:1-6 | 08\/03\/2020 | PROFETIZANDO VIDA"},"content":{"rendered":"<p><iframe loading=\"lazy\"  width=\"580\" height=\"385\" src=\"https:\/\/www.youtube.com\/embed\/sVKHxbEJ43o?autoplay=1\" frameborder=\"0\" allowfullscreen><\/iframe><br \/>\n<br \/>H\u00e1 17 anos, o pastor M\u00e1rcio Valad\u00e3o tem profetizado vida ao seu cora\u00e7\u00e3o proclamado o Evangelho de Jesus na Terra. Que esta &#8230;<br \/>\n<br \/><a href=\"[https:\/\/mensagemdivina.com.br\/]\">Mensagem Divina<\/a><\/p>\n","protected":false},"excerpt":{"rendered":"<p>H\u00e1 17 anos, o pastor M\u00e1rcio Valad\u00e3o tem profetizado vida ao seu cora\u00e7\u00e3o proclamado o Evangelho de Jesus na Terra. Que esta &#8230; Mensagem Divina<\/p>\n","protected":false},"author":1,"featured_media":15234,"comment_status":"open","ping_status":"open","sticky":false,"template":"","format":"standard","meta":{"footnotes":""},"categories":[5954],"tags":[2738,2739,2740,130,2741,2737,2734,2742,213,824,2750,1685,2743,83,2744,963,2731,326,2751,82,2732,1687,2752,1686,366,2745,2747,2729,2746,1684,2730,2748,2749,2717,2736,2733,2735],"class_list":["post-15233","post","type-post","status-publish","format-standard","has-post-thumbnail","hentry","category-ana-paula-valadao","tag-advocacy","tag-amplificador","tag-bate-papo","tag-biblia","tag-cafe-e-biblia","tag-canal-cristao","tag-canal-da-lagoinha","tag-clinica-da-alma","tag-cristianismo","tag-cristo","tag-cultos","tag-de-tudo-um-pouco","tag-depois-das-dez","tag-deus","tag-fala-pastor","tag-fe","tag-ibl","tag-igreja","tag-igreja-batista-da-lagoinha","tag-jesus","tag-lagoinha","tag-mente-aberta","tag-musica","tag-os-gideoes","tag-palavra-de-deus","tag-palavra-de-fe","tag-profetizando-vida","tag-programas","tag-prova-viva","tag-rede-super","tag-rede-super-de-televisao","tag-sempre-feliz","tag-tio-uli-e-os-bonecos","tag-tv","tag-tv-crista","tag-tv-da-lagoinha","tag-tv-rede-super"],"aioseo_notices":[],"_links":{"self":[{"href":"https:\/\/mensagemdivina.com.br\/mensagemdivina\/wp-json\/wp\/v2\/posts\/15233","targetHints":{"allow":["GET"]}}],"collection":[{"href":"https:\/\/mensagemdivina.com.br\/mensagemdivina\/wp-json\/wp\/v2\/posts"}],"about":[{"href":"https:\/\/mensagemdivina.com.br\/mensagemdivina\/wp-json\/wp\/v2\/types\/post"}],"author":[{"embeddable":true,"href":"https:\/\/mensagemdivina.com.br\/mensagemdivina\/wp-json\/wp\/v2\/users\/1"}],"replies":[{"embeddable":true,"href":"https:\/\/mensagemdivina.com.br\/mensagemdivina\/wp-json\/wp\/v2\/comments?post=15233"}],"version-history":[{"count":0,"href":"https:\/\/mensagemdivina.com.br\/mensagemdivina\/wp-json\/wp\/v2\/posts\/15233\/revisions"}],"wp:featuredmedia":[{"embeddable":true,"href":"https:\/\/mensagemdivina.com.br\/mensagemdivina\/wp-json\/wp\/v2\/media\/15234"}],"wp:attachment":[{"href":"https:\/\/mensagemdivina.com.br\/mensagemdivina\/wp-json\/wp\/v2\/media?parent=15233"}],"wp:term":[{"taxonomy":"category","embeddable":true,"href":"https:\/\/mensagemdivina.com.br\/mensagemdivina\/wp-json\/wp\/v2\/categories?post=15233"},{"taxonomy":"post_tag","embeddable":true,"href":"https:\/\/mensagemdivina.com.br\/mensagemdivina\/wp-json\/wp\/v2\/tags?post=15233"}],"curies":[{"name":"wp","href":"https:\/\/api.w.org\/{rel}","templated":true}]}}