{"id":15153,"date":"2023-07-07T13:26:07","date_gmt":"2023-07-07T16:26:07","guid":{"rendered":"https:\/\/mensagemdivina.com.br\/mensagemdivina\/casa-embriao-de-15m%c2%b2-gera-polemica-conheca-a-historia-por-tras-tvggn-20h-27-06-23\/"},"modified":"2023-07-07T13:26:07","modified_gmt":"2023-07-07T16:26:07","slug":"casa-embriao-de-15m%c2%b2-gera-polemica-conheca-a-historia-por-tras-tvggn-20h-27-06-23","status":"publish","type":"post","link":"https:\/\/mensagemdivina.com.br\/mensagemdivina\/casa-embriao-de-15m%c2%b2-gera-polemica-conheca-a-historia-por-tras-tvggn-20h-27-06-23\/","title":{"rendered":"CASA-EMBRI\u00c3O DE 15m\u00b2 GERA POL\u00caMICA: CONHE\u00c7A A HIST\u00d3RIA POR TR\u00c1S &#8211; TVGGN 20H (27\/06\/23)"},"content":{"rendered":"<p><iframe loading=\"lazy\"  width=\"580\" height=\"385\" src=\"https:\/\/www.youtube.com\/embed\/g0M-SZeiRRU?autoplay=1\" frameborder=\"0\" allowfullscreen><\/iframe><br \/>\n<br \/>O jornalista Luis Nassif entrevista Isac Falc\u00e3o, presidente do Sindifisco Nacional e auditor-fiscal, que vai falar sobre o semin\u00e1rio &#8230;<br \/>\n<br \/><a href=\"[https:\/\/mensagemdivina.com.br\/]\">Mensagem Divina<\/a><\/p>\n","protected":false},"excerpt":{"rendered":"<p>O jornalista Luis Nassif entrevista Isac Falc\u00e3o, presidente do Sindifisco Nacional e auditor-fiscal, que vai falar sobre o semin\u00e1rio &#8230; Mensagem Divina<\/p>\n","protected":false},"author":1,"featured_media":15154,"comment_status":"open","ping_status":"open","sticky":false,"template":"","format":"standard","meta":{"footnotes":""},"categories":[5963],"tags":[22342,22347,22340,22348,22346,22343,22353,22351,22354,22350,22344,22349,22345,22352,22341,22338,22339],"class_list":["post-15153","post","type-post","status-publish","format-standard","has-post-thumbnail","hentry","category-nelson-junior","tag-casa-15-metros-quadrados-campinas","tag-casa-de-15-metros-quadrados","tag-casa-embriao","tag-casa-sem-banheiro-campinas","tag-casas-embrioes","tag-cohab","tag-luis-nassif","tag-moradia-popular","tag-nassif","tag-nelson-mandela-ocupacao","tag-ocupacao-nelson-mandela","tag-polemica-das-casas-embrioes-campinas","tag-prefeitura-de-campinas-constroi-casas-de-15-m","tag-sindifisco","tag-tarcisio-casa-embriao","tag-tvggn","tag-tvggn-20-horas"],"aioseo_notices":[],"_links":{"self":[{"href":"https:\/\/mensagemdivina.com.br\/mensagemdivina\/wp-json\/wp\/v2\/posts\/15153","targetHints":{"allow":["GET"]}}],"collection":[{"href":"https:\/\/mensagemdivina.com.br\/mensagemdivina\/wp-json\/wp\/v2\/posts"}],"about":[{"href":"https:\/\/mensagemdivina.com.br\/mensagemdivina\/wp-json\/wp\/v2\/types\/post"}],"author":[{"embeddable":true,"href":"https:\/\/mensagemdivina.com.br\/mensagemdivina\/wp-json\/wp\/v2\/users\/1"}],"replies":[{"embeddable":true,"href":"https:\/\/mensagemdivina.com.br\/mensagemdivina\/wp-json\/wp\/v2\/comments?post=15153"}],"version-history":[{"count":0,"href":"https:\/\/mensagemdivina.com.br\/mensagemdivina\/wp-json\/wp\/v2\/posts\/15153\/revisions"}],"wp:featuredmedia":[{"embeddable":true,"href":"https:\/\/mensagemdivina.com.br\/mensagemdivina\/wp-json\/wp\/v2\/media\/15154"}],"wp:attachment":[{"href":"https:\/\/mensagemdivina.com.br\/mensagemdivina\/wp-json\/wp\/v2\/media?parent=15153"}],"wp:term":[{"taxonomy":"category","embeddable":true,"href":"https:\/\/mensagemdivina.com.br\/mensagemdivina\/wp-json\/wp\/v2\/categories?post=15153"},{"taxonomy":"post_tag","embeddable":true,"href":"https:\/\/mensagemdivina.com.br\/mensagemdivina\/wp-json\/wp\/v2\/tags?post=15153"}],"curies":[{"name":"wp","href":"https:\/\/api.w.org\/{rel}","templated":true}]}}