{"id":14435,"date":"2023-06-16T17:27:32","date_gmt":"2023-06-16T20:27:32","guid":{"rendered":"https:\/\/mensagemdivina.com.br\/mensagemdivina\/pastor-crente-deve-tomar-vacina-pastor-andre-valada%cc%83o\/"},"modified":"2023-06-16T17:27:32","modified_gmt":"2023-06-16T20:27:32","slug":"pastor-crente-deve-tomar-vacina-pastor-andre-valada%cc%83o","status":"publish","type":"post","link":"https:\/\/mensagemdivina.com.br\/mensagemdivina\/pastor-crente-deve-tomar-vacina-pastor-andre-valada%cc%83o\/","title":{"rendered":"PASTOR, CRENTE DEVE TOMAR VACINA? | Pastor Andre\u0301 Valada\u0303o"},"content":{"rendered":"<p><iframe loading=\"lazy\"  width=\"580\" height=\"385\" src=\"https:\/\/www.youtube.com\/embed\/Sg4ePlITDD0?autoplay=1\" frameborder=\"0\" allowfullscreen><\/iframe><br \/>\n<br \/>PASTOR, CRENTE DEVE TOMAR VACINA? Pastor Andr\u00e9 Valad\u00e3o vai responder pra voc\u00eas. &#8211; As Melhores Respostas do Pr.<br \/>\n<br \/><a href=\"[https:\/\/mensagemdivina.com.br\/]\">Mensagem Divina<\/a><\/p>\n","protected":false},"excerpt":{"rendered":"<p>PASTOR, CRENTE DEVE TOMAR VACINA? Pastor Andr\u00e9 Valad\u00e3o vai responder pra voc\u00eas. &#8211; As Melhores Respostas do Pr. Mensagem Divina<\/p>\n","protected":false},"author":1,"featured_media":14436,"comment_status":"open","ping_status":"open","sticky":false,"template":"","format":"standard","meta":{"footnotes":""},"categories":[5954],"tags":[21136,21129,8593,21124,21132,21131,21138,21126,21130,7558,11731,662,8126,21137,21127,21128,21135,21134,149,21133,21125],"class_list":["post-14435","post","type-post","status-publish","format-standard","has-post-thumbnail","hentry","category-ana-paula-valadao","tag-andre-valadao-responde-perguntas-polemicas","tag-as-melhores-respostas","tag-cantor-andre-valadao","tag-crente-deve-tomar-vacina","tag-crente-pergunta","tag-crente-pode","tag-e-pecado","tag-lockdown","tag-melhores-respostas-do-andre-valadao","tag-o-que-e-pecado","tag-pandemia","tag-pastor","tag-pastor-andre-valadao","tag-pastor-andre-valadao-responde-perguntas-inusitadas","tag-pastor-contra-vacina","tag-pastor-e-pecado","tag-pastor-lagoinha","tag-pergunta-que-eu-respondo","tag-perguntas-e-respostas","tag-respostas-do-pastor","tag-vacina-e-a-marca-da-besta"],"aioseo_notices":[],"_links":{"self":[{"href":"https:\/\/mensagemdivina.com.br\/mensagemdivina\/wp-json\/wp\/v2\/posts\/14435","targetHints":{"allow":["GET"]}}],"collection":[{"href":"https:\/\/mensagemdivina.com.br\/mensagemdivina\/wp-json\/wp\/v2\/posts"}],"about":[{"href":"https:\/\/mensagemdivina.com.br\/mensagemdivina\/wp-json\/wp\/v2\/types\/post"}],"author":[{"embeddable":true,"href":"https:\/\/mensagemdivina.com.br\/mensagemdivina\/wp-json\/wp\/v2\/users\/1"}],"replies":[{"embeddable":true,"href":"https:\/\/mensagemdivina.com.br\/mensagemdivina\/wp-json\/wp\/v2\/comments?post=14435"}],"version-history":[{"count":0,"href":"https:\/\/mensagemdivina.com.br\/mensagemdivina\/wp-json\/wp\/v2\/posts\/14435\/revisions"}],"wp:featuredmedia":[{"embeddable":true,"href":"https:\/\/mensagemdivina.com.br\/mensagemdivina\/wp-json\/wp\/v2\/media\/14436"}],"wp:attachment":[{"href":"https:\/\/mensagemdivina.com.br\/mensagemdivina\/wp-json\/wp\/v2\/media?parent=14435"}],"wp:term":[{"taxonomy":"category","embeddable":true,"href":"https:\/\/mensagemdivina.com.br\/mensagemdivina\/wp-json\/wp\/v2\/categories?post=14435"},{"taxonomy":"post_tag","embeddable":true,"href":"https:\/\/mensagemdivina.com.br\/mensagemdivina\/wp-json\/wp\/v2\/tags?post=14435"}],"curies":[{"name":"wp","href":"https:\/\/api.w.org\/{rel}","templated":true}]}}