{"id":13701,"date":"2023-05-26T07:57:11","date_gmt":"2023-05-26T10:57:11","guid":{"rendered":"https:\/\/mensagemdivina.com.br\/mensagemdivina\/o-que-fazer-quando-o-bem-que-eu-quero-eu-nao-faco-serie-de-mensagens-pr-lucinho-09-06-2018\/"},"modified":"2023-05-26T07:57:11","modified_gmt":"2023-05-26T10:57:11","slug":"o-que-fazer-quando-o-bem-que-eu-quero-eu-nao-faco-serie-de-mensagens-pr-lucinho-09-06-2018","status":"publish","type":"post","link":"https:\/\/mensagemdivina.com.br\/mensagemdivina\/o-que-fazer-quando-o-bem-que-eu-quero-eu-nao-faco-serie-de-mensagens-pr-lucinho-09-06-2018\/","title":{"rendered":"O que fazer quando o bem que eu quero eu n\u00e3o fa\u00e7o? | S\u00e9rie de mensagens | Pr. Lucinho | 09\/06\/2018"},"content":{"rendered":"<p><iframe loading=\"lazy\"  width=\"580\" height=\"385\" src=\"https:\/\/www.youtube.com\/embed\/W4HPZ9NZKko?autoplay=1\" frameborder=\"0\" allowfullscreen><\/iframe><br \/>\n<br \/>Assista o novo v\u00eddeo &#8220;Deus me livre, mas quem me dera&#8221;: https:\/\/youtu.be\/y7Hqq1ByNXw Inscreva-se no canal: &#8230;<br \/>\n<br \/><a href=\"[https:\/\/mensagemdivina.com.br\/]\">Mensagem Divina<\/a><\/p>\n","protected":false},"excerpt":{"rendered":"<p>Assista o novo v\u00eddeo &#8220;Deus me livre, mas quem me dera&#8221;: https:\/\/youtu.be\/y7Hqq1ByNXw Inscreva-se no canal: &#8230; Mensagem Divina<\/p>\n","protected":false},"author":1,"featured_media":13702,"comment_status":"open","ping_status":"open","sticky":false,"template":"","format":"standard","meta":{"footnotes":""},"categories":[5964],"tags":[6191,6185,2751,6189,4682,4683,4687,4681,19845,19846,4679,7297,6186,4680,19847,7296,6187,6190,6188,4689],"class_list":["post-13701","post","type-post","status-publish","format-standard","has-post-thumbnail","hentry","category-lucinho-barreto","tag-confrajovem-2018","tag-eu-sou-louco-por-jesus","tag-igreja-batista-da-lagoinha","tag-imparaveis","tag-jesus-freak","tag-juventude-lagoinha","tag-lucinho-comenta","tag-lucio-barreto-jr","tag-o-que-fazer-quando-o-bem-que-eu-quero-eu-nao-faco","tag-o-que-fazer-quando-o-bem-que-eu-quero-eu-nao-faco-pr-lucinho","tag-pastor-lucinho","tag-pastor-lucinho-2017","tag-pastor-lucinho-2018","tag-pastor-lucinho-barreto","tag-pr-lucinho-09-06-2018","tag-pr-lucinho-2017","tag-pr-lucinho-barreto-2018","tag-pr-lucinho-imparaveis","tag-pregacao-pastor-lucinho","tag-pregacao-pr-lucinho"],"aioseo_notices":[],"_links":{"self":[{"href":"https:\/\/mensagemdivina.com.br\/mensagemdivina\/wp-json\/wp\/v2\/posts\/13701","targetHints":{"allow":["GET"]}}],"collection":[{"href":"https:\/\/mensagemdivina.com.br\/mensagemdivina\/wp-json\/wp\/v2\/posts"}],"about":[{"href":"https:\/\/mensagemdivina.com.br\/mensagemdivina\/wp-json\/wp\/v2\/types\/post"}],"author":[{"embeddable":true,"href":"https:\/\/mensagemdivina.com.br\/mensagemdivina\/wp-json\/wp\/v2\/users\/1"}],"replies":[{"embeddable":true,"href":"https:\/\/mensagemdivina.com.br\/mensagemdivina\/wp-json\/wp\/v2\/comments?post=13701"}],"version-history":[{"count":0,"href":"https:\/\/mensagemdivina.com.br\/mensagemdivina\/wp-json\/wp\/v2\/posts\/13701\/revisions"}],"wp:featuredmedia":[{"embeddable":true,"href":"https:\/\/mensagemdivina.com.br\/mensagemdivina\/wp-json\/wp\/v2\/media\/13702"}],"wp:attachment":[{"href":"https:\/\/mensagemdivina.com.br\/mensagemdivina\/wp-json\/wp\/v2\/media?parent=13701"}],"wp:term":[{"taxonomy":"category","embeddable":true,"href":"https:\/\/mensagemdivina.com.br\/mensagemdivina\/wp-json\/wp\/v2\/categories?post=13701"},{"taxonomy":"post_tag","embeddable":true,"href":"https:\/\/mensagemdivina.com.br\/mensagemdivina\/wp-json\/wp\/v2\/tags?post=13701"}],"curies":[{"name":"wp","href":"https:\/\/api.w.org\/{rel}","templated":true}]}}