{"id":12371,"date":"2023-04-17T15:07:25","date_gmt":"2023-04-17T18:07:25","guid":{"rendered":"https:\/\/mensagemdivina.com.br\/mensagemdivina\/pais-cristaos-num-mundo-de-pais-bananas-tiago-mattes\/"},"modified":"2023-04-17T15:07:25","modified_gmt":"2023-04-17T18:07:25","slug":"pais-cristaos-num-mundo-de-pais-bananas-tiago-mattes","status":"publish","type":"post","link":"https:\/\/mensagemdivina.com.br\/mensagemdivina\/pais-cristaos-num-mundo-de-pais-bananas-tiago-mattes\/","title":{"rendered":"Pais Crist\u00e3os num Mundo de Pais Bananas &#8211; Tiago Mattes"},"content":{"rendered":"<p><iframe loading=\"lazy\"  width=\"580\" height=\"385\" src=\"https:\/\/www.youtube.com\/embed\/b0lSrnMRaX0?autoplay=1\" frameborder=\"0\" allowfullscreen><\/iframe><br \/>\n<br \/>A crise em nossa sociedade \u00e9 reflexo de uma crise familiar. Estamos diante de uma gera\u00e7\u00e3o de pais bananas, sem autoridade e &#8230;<br \/>\n<br \/><a href=\"[https:\/\/mensagemdivina.com.br\/]\">Mensagem Divina<\/a><\/p>\n","protected":false},"excerpt":{"rendered":"<p>A crise em nossa sociedade \u00e9 reflexo de uma crise familiar. Estamos diante de uma gera\u00e7\u00e3o de pais bananas, sem autoridade e &#8230; Mensagem Divina<\/p>\n","protected":false},"author":1,"featured_media":12372,"comment_status":"open","ping_status":"open","sticky":false,"template":"","format":"standard","meta":{"footnotes":""},"categories":[5960],"tags":[17608,977,1404,402,7787,3343,12338,3163,11759,17599,829,9669,17598,6171,17602,17603,3162,2732,7446,2945,6172,17604,17606,7952,17605,17607,17601,17609,1029,2723,17600,1208,17610,12388],"class_list":["post-12371","post","type-post","status-publish","format-standard","has-post-thumbnail","hentry","category-tiago-brunet","tag-armando-bispo","tag-assembleia-de-deus","tag-casamento","tag-claudio-duarte","tag-criacao-de-filhos","tag-disciplina","tag-dunamis","tag-ed-rene","tag-educacao-de-filhos","tag-erros-que-os-pais-cometem","tag-familia","tag-familia-crista","tag-familias-disfuncionais","tag-filhos","tag-filhos-que-mandam-nos-pais","tag-filhos-rebeldes","tag-ibab","tag-lagoinha","tag-mae","tag-onda-dura","tag-pais","tag-pais-sem-autoridade","tag-pedagogia","tag-pib","tag-pib-curitiba","tag-piragini","tag-poderosos-chefinhos","tag-pr-lipao","tag-presbiteriana","tag-psicologia","tag-sindrome-do-imperador","tag-tiago-brunet","tag-universidade-da-familia","tag-videira"],"aioseo_notices":[],"_links":{"self":[{"href":"https:\/\/mensagemdivina.com.br\/mensagemdivina\/wp-json\/wp\/v2\/posts\/12371","targetHints":{"allow":["GET"]}}],"collection":[{"href":"https:\/\/mensagemdivina.com.br\/mensagemdivina\/wp-json\/wp\/v2\/posts"}],"about":[{"href":"https:\/\/mensagemdivina.com.br\/mensagemdivina\/wp-json\/wp\/v2\/types\/post"}],"author":[{"embeddable":true,"href":"https:\/\/mensagemdivina.com.br\/mensagemdivina\/wp-json\/wp\/v2\/users\/1"}],"replies":[{"embeddable":true,"href":"https:\/\/mensagemdivina.com.br\/mensagemdivina\/wp-json\/wp\/v2\/comments?post=12371"}],"version-history":[{"count":0,"href":"https:\/\/mensagemdivina.com.br\/mensagemdivina\/wp-json\/wp\/v2\/posts\/12371\/revisions"}],"wp:featuredmedia":[{"embeddable":true,"href":"https:\/\/mensagemdivina.com.br\/mensagemdivina\/wp-json\/wp\/v2\/media\/12372"}],"wp:attachment":[{"href":"https:\/\/mensagemdivina.com.br\/mensagemdivina\/wp-json\/wp\/v2\/media?parent=12371"}],"wp:term":[{"taxonomy":"category","embeddable":true,"href":"https:\/\/mensagemdivina.com.br\/mensagemdivina\/wp-json\/wp\/v2\/categories?post=12371"},{"taxonomy":"post_tag","embeddable":true,"href":"https:\/\/mensagemdivina.com.br\/mensagemdivina\/wp-json\/wp\/v2\/tags?post=12371"}],"curies":[{"name":"wp","href":"https:\/\/api.w.org\/{rel}","templated":true}]}}