{"id":12351,"date":"2023-04-17T02:33:44","date_gmt":"2023-04-17T05:33:44","guid":{"rendered":"https:\/\/mensagemdivina.com.br\/mensagemdivina\/mario-sergio-cortella-o-tempo-e-a-vida\/"},"modified":"2023-04-17T02:33:44","modified_gmt":"2023-04-17T05:33:44","slug":"mario-sergio-cortella-o-tempo-e-a-vida","status":"publish","type":"post","link":"https:\/\/mensagemdivina.com.br\/mensagemdivina\/mario-sergio-cortella-o-tempo-e-a-vida\/","title":{"rendered":"Mario Sergio Cortella &#8211; O Tempo E A Vida"},"content":{"rendered":"<p><iframe loading=\"lazy\"  width=\"580\" height=\"385\" src=\"https:\/\/www.youtube.com\/embed\/Ek2LmQ5d6Jo?autoplay=1\" frameborder=\"0\" allowfullscreen><\/iframe><br \/>\n<br \/>Assista na \u00edntegra a palestra &#8220;Se voc\u00ea n\u00e3o existisse, que falta faria?&#8221;: https:\/\/bit.ly\/3wivtmb Seja aluno(a) do Professor Cortella em &#8230;<br \/>\n<br \/><a href=\"[https:\/\/mensagemdivina.com.br\/]\">Mensagem Divina<\/a><\/p>\n","protected":false},"excerpt":{"rendered":"<p>Assista na \u00edntegra a palestra &#8220;Se voc\u00ea n\u00e3o existisse, que falta faria?&#8221;: https:\/\/bit.ly\/3wivtmb Seja aluno(a) do Professor Cortella em &#8230; Mensagem Divina<\/p>\n","protected":false},"author":1,"featured_media":12352,"comment_status":"open","ping_status":"open","sticky":false,"template":"","format":"standard","meta":{"footnotes":""},"categories":[5961],"tags":[17527,14516,12592,14151,17526,3866,17523,17528,17476,17521,17525,17522,17530,17524,17529,17534,7539,17533,17531,5899,6505,17532,9229,4477,17474],"class_list":["post-12351","post","type-post","status-publish","format-standard","has-post-thumbnail","hentry","category-eduardo-reis","tag-bbb-19","tag-big-brother","tag-cortela","tag-cortella","tag-critica-bbb","tag-etica","tag-mario-cortella","tag-mario-cortella-amor","tag-mario-sergio-cortella","tag-mario-sergio-cortella-altas-horas","tag-mario-sergio-cortella-bbb","tag-mario-sergio-cortella-etica","tag-mario-sergio-cortella-motivacao-para-estudar","tag-mario-sergio-cortella-palestra","tag-mario-sergio-cortella-tempo","tag-melhorar-em-2019","tag-metas","tag-metas-2019","tag-motivacao-cortella","tag-motivacional","tag-palestra","tag-palestra-motivacional-2019","tag-palestrante","tag-politica","tag-sergio-cortella"],"aioseo_notices":[],"_links":{"self":[{"href":"https:\/\/mensagemdivina.com.br\/mensagemdivina\/wp-json\/wp\/v2\/posts\/12351","targetHints":{"allow":["GET"]}}],"collection":[{"href":"https:\/\/mensagemdivina.com.br\/mensagemdivina\/wp-json\/wp\/v2\/posts"}],"about":[{"href":"https:\/\/mensagemdivina.com.br\/mensagemdivina\/wp-json\/wp\/v2\/types\/post"}],"author":[{"embeddable":true,"href":"https:\/\/mensagemdivina.com.br\/mensagemdivina\/wp-json\/wp\/v2\/users\/1"}],"replies":[{"embeddable":true,"href":"https:\/\/mensagemdivina.com.br\/mensagemdivina\/wp-json\/wp\/v2\/comments?post=12351"}],"version-history":[{"count":0,"href":"https:\/\/mensagemdivina.com.br\/mensagemdivina\/wp-json\/wp\/v2\/posts\/12351\/revisions"}],"wp:featuredmedia":[{"embeddable":true,"href":"https:\/\/mensagemdivina.com.br\/mensagemdivina\/wp-json\/wp\/v2\/media\/12352"}],"wp:attachment":[{"href":"https:\/\/mensagemdivina.com.br\/mensagemdivina\/wp-json\/wp\/v2\/media?parent=12351"}],"wp:term":[{"taxonomy":"category","embeddable":true,"href":"https:\/\/mensagemdivina.com.br\/mensagemdivina\/wp-json\/wp\/v2\/categories?post=12351"},{"taxonomy":"post_tag","embeddable":true,"href":"https:\/\/mensagemdivina.com.br\/mensagemdivina\/wp-json\/wp\/v2\/tags?post=12351"}],"curies":[{"name":"wp","href":"https:\/\/api.w.org\/{rel}","templated":true}]}}