{"id":11698,"date":"2023-03-29T00:22:15","date_gmt":"2023-03-29T03:22:15","guid":{"rendered":"https:\/\/mensagemdivina.com.br\/mensagemdivina\/oracao-da-manha-23-10-quem-faz-isso-erra-menos-pr-josue-goncalves\/"},"modified":"2023-03-29T00:22:15","modified_gmt":"2023-03-29T03:22:15","slug":"oracao-da-manha-23-10-quem-faz-isso-erra-menos-pr-josue-goncalves","status":"publish","type":"post","link":"https:\/\/mensagemdivina.com.br\/mensagemdivina\/oracao-da-manha-23-10-quem-faz-isso-erra-menos-pr-josue-goncalves\/","title":{"rendered":"ORA\u00c7\u00c3O DA MANH\u00c3 (23\/10) QUEM FAZ ISSO ERRA MENOS &#8211; PR. JOSU\u00c9 GON\u00c7ALVES"},"content":{"rendered":"<p><iframe loading=\"lazy\"  width=\"580\" height=\"385\" src=\"https:\/\/www.youtube.com\/embed\/AlRZ7aYgC0w?autoplay=1\" frameborder=\"0\" allowfullscreen><\/iframe><br \/>\n<br \/>ORA\u00c7\u00c3O DA MANH\u00c3 (23\/10) QUEM FAZ ISSO ERRA MENOS &#8211; PR. JOSU\u00c9 GON\u00c7ALVES Compartilhe essa ora\u00e7\u00e3o com 5 &#8230;<br \/>\n<br \/><a href=\"[https:\/\/mensagemdivina.com.br\/]\">Mensagem Divina<\/a><\/p>\n","protected":false},"excerpt":{"rendered":"<p>ORA\u00c7\u00c3O DA MANH\u00c3 (23\/10) QUEM FAZ ISSO ERRA MENOS &#8211; PR. JOSU\u00c9 GON\u00c7ALVES Compartilhe essa ora\u00e7\u00e3o com 5 &#8230; Mensagem Divina<\/p>\n","protected":false},"author":1,"featured_media":11699,"comment_status":"open","ping_status":"open","sticky":false,"template":"","format":"standard","meta":{"footnotes":""},"categories":[5962],"tags":[16138,1404,829,160,16142,4053,16139,16140,6985,6982,162,4055,6984,6986,16143,75,16144,6981,6983,16141],"class_list":["post-11698","post","type-post","status-publish","format-standard","has-post-thumbnail","hentry","category-josue-goncalves","tag-a-oracao-do-justo","tag-casamento","tag-familia","tag-oracao","tag-oracao-23-de-outubro","tag-oracao-da-manha","tag-oracao-da-manha-23-10-quem-faz-isso-erra-menos-pr-josue-goncalves","tag-oracao-da-manha-23-10","tag-oracao-da-manha-com-pastor-josue-goncalves","tag-oracao-da-manha-de-hoje","tag-oracao-de-hoje","tag-oracao-do-dia","tag-oracao-do-dia-bispo-bruno-leonardo","tag-oracao-poderosa","tag-orando","tag-orar","tag-ore-por-mim","tag-pastor-josue-goncalves","tag-poderosa-oracao-da-manha","tag-quem-faz-isso-erra-menos"],"aioseo_notices":[],"_links":{"self":[{"href":"https:\/\/mensagemdivina.com.br\/mensagemdivina\/wp-json\/wp\/v2\/posts\/11698","targetHints":{"allow":["GET"]}}],"collection":[{"href":"https:\/\/mensagemdivina.com.br\/mensagemdivina\/wp-json\/wp\/v2\/posts"}],"about":[{"href":"https:\/\/mensagemdivina.com.br\/mensagemdivina\/wp-json\/wp\/v2\/types\/post"}],"author":[{"embeddable":true,"href":"https:\/\/mensagemdivina.com.br\/mensagemdivina\/wp-json\/wp\/v2\/users\/1"}],"replies":[{"embeddable":true,"href":"https:\/\/mensagemdivina.com.br\/mensagemdivina\/wp-json\/wp\/v2\/comments?post=11698"}],"version-history":[{"count":0,"href":"https:\/\/mensagemdivina.com.br\/mensagemdivina\/wp-json\/wp\/v2\/posts\/11698\/revisions"}],"wp:featuredmedia":[{"embeddable":true,"href":"https:\/\/mensagemdivina.com.br\/mensagemdivina\/wp-json\/wp\/v2\/media\/11699"}],"wp:attachment":[{"href":"https:\/\/mensagemdivina.com.br\/mensagemdivina\/wp-json\/wp\/v2\/media?parent=11698"}],"wp:term":[{"taxonomy":"category","embeddable":true,"href":"https:\/\/mensagemdivina.com.br\/mensagemdivina\/wp-json\/wp\/v2\/categories?post=11698"},{"taxonomy":"post_tag","embeddable":true,"href":"https:\/\/mensagemdivina.com.br\/mensagemdivina\/wp-json\/wp\/v2\/tags?post=11698"}],"curies":[{"name":"wp","href":"https:\/\/api.w.org\/{rel}","templated":true}]}}